{"id":186327,"date":"2011-08-30T13:13:42","date_gmt":"2011-08-30T11:13:42","guid":{"rendered":"http:\/\/www.ivg.it\/?p=186327"},"modified":"2011-08-31T08:09:13","modified_gmt":"2011-08-31T06:09:13","slug":"campochiesa-dalbenga-moto-contro-camper-ferito-centauro","status":"publish","type":"post","link":"https:\/\/staging.ivg.it\/2011\/08\/campochiesa-dalbenga-moto-contro-camper-ferito-centauro\/","title":{"rendered":"Campochiesa d\u2019Albenga, moto contro cartello: ferito centauro"},"content":{"rendered":"<p><strong>Albenga. <\/strong>Incidente di questa mattina a Campochisa d&#8217;Albenga, in regione Piangrande. Un motociclista di 52 anni, Marco D.N., per evitare un camper incontrato sulla carreggiata, all&#8217;altezza di una curva, \u00e8 finito contro un cartello stradale. Questa la prima ricostruzione del sinistro avvenuto intorno alle 12,30.<\/p>\n<p>L&#8217;impatto \u00e8 stato piuttosto violento ma, al momento dei soccorsi, l&#8217;uomo era cosciente, anche se con varie fratture di diversa entit\u00e0, ma non dalle conseguenze preoccupanti. Sul posto, \u00e8 intervenuta la Croce Bianca di Albenga e i militi del 118. Il motociclista \u00e8 stato trasportato in codice giallo al Santa Corona di Pietra Ligure con un politrauma e sospette fratture vertebrali, che non avrebbero intaccato il midollo.<\/p>\n","protected":false},"excerpt":{"rendered":"<p>Albenga. Incidente di questa mattina a Campochisa d&#8217;Albenga, in regione Piangrande. Un motociclista di 52 anni, Marco D.N., per evitare un camper incontrato sulla carreggiata, all&#8217;altezza di una curva, \u00e8 finito contro un cartello stradale. Questa la prima ricostruzione del sinistro avvenuto intorno alle 12,30. L&#8217;impatto \u00e8 stato piuttosto violento ma, al momento dei soccorsi, [&hellip;]<\/p>\n","protected":false},"author":13744,"featured_media":0,"comment_status":"open","ping_status":"closed","sticky":false,"template":"","format":"standard","meta":{"footnotes":""},"categories":[34],"tags":[678,85841,86062,10865,309],"class_list":["post-186327","post","type-post","status-publish","format-standard","hentry","category-cronaca","tag-678","tag-albenga","tag-campochiesa","tag-centauro","tag-incidente","post_cat_citta-albenga"],"amp_validity":null,"amp_enabled":true,"_links":{"self":[{"href":"https:\/\/staging.ivg.it\/ediapi\/wp\/v2\/posts\/186327","targetHints":{"allow":["GET"]}}],"collection":[{"href":"https:\/\/staging.ivg.it\/ediapi\/wp\/v2\/posts"}],"about":[{"href":"https:\/\/staging.ivg.it\/ediapi\/wp\/v2\/types\/post"}],"author":[{"embeddable":true,"href":"https:\/\/staging.ivg.it\/ediapi\/wp\/v2\/users\/13744"}],"replies":[{"embeddable":true,"href":"https:\/\/staging.ivg.it\/ediapi\/wp\/v2\/comments?post=186327"}],"version-history":[{"count":0,"href":"https:\/\/staging.ivg.it\/ediapi\/wp\/v2\/posts\/186327\/revisions"}],"wp:attachment":[{"href":"https:\/\/staging.ivg.it\/ediapi\/wp\/v2\/media?parent=186327"}],"wp:term":[{"taxonomy":"category","embeddable":true,"href":"https:\/\/staging.ivg.it\/ediapi\/wp\/v2\/categories?post=186327"},{"taxonomy":"post_tag","embeddable":true,"href":"https:\/\/staging.ivg.it\/ediapi\/wp\/v2\/tags?post=186327"}],"curies":[{"name":"wp","href":"https:\/\/api.w.org\/{rel}","templated":true}]}}