{"id":186227,"date":"2011-08-29T18:56:48","date_gmt":"2011-08-29T16:56:48","guid":{"rendered":"http:\/\/www.ivg.it\/?p=186227"},"modified":"2011-08-29T19:21:14","modified_gmt":"2011-08-29T17:21:14","slug":"goletta-liguria-avvistate-nel-mediterraneo-le-prime-cubomeduse","status":"publish","type":"post","link":"https:\/\/staging.ivg.it\/2011\/08\/goletta-liguria-avvistate-nel-mediterraneo-le-prime-cubomeduse\/","title":{"rendered":"Goletta Liguria: avvistate nel Mediterraneo le prime \u2018Cubomeduse\u201d"},"content":{"rendered":"<p><strong>Savona.<\/strong> La biologa dell&#8217;Acquario di Genova Silvia Lavorano oggi pomeriggio nel porto di Varazze a bordo di Goletta Liguria, l&#8217;iniziativa della Regione Liguria per promuovere i progetti europei per il mare. <\/p>\n<p>&#8220;Tra le meduse timore per le cosiddette &#8216;cubomeduse&#8217;, presenti nel Mediterraneo. Le meduse pi\u00f9 grandi del Mediterraneo sono in mare davanti alle coste della Croazia: le drymonema dalmatinum, con un diametro fino un metro, urticanti ma non mortali. Sempre pi\u00f9 presenti nel Mediterraneo sono le cubomeduse carybdea marsupialis, urticanti ma non mortali, dello stesso gruppo delle cubomeduse australiane le pi\u00f9 velenose al mondo e mortali&#8221;. <\/p>\n<p>&#8220;A giugno in Israele si \u00e8 fermata una centrale elettrica perch\u00e9 l&#8217;impianto di refrigerazione si \u00e8 bloccato per l&#8217;arrivo di tonnellate di meduse, gli operai anzich\u00e9 lavorare, trasportavano fuori dalla centrale migliaia di meduse&#8221;, afferma Lavorano. &#8220;L&#8217;aumento del numero delle meduse \u00e8 confermato in tutti i mari del mondo &#8211; aggiunge &#8211; la causa principale sono la diminuzione del numero dei pesci e i cambiamenti climatici&#8221;.<\/p>\n","protected":false},"excerpt":{"rendered":"<p>Savona. La biologa dell&#8217;Acquario di Genova Silvia Lavorano oggi pomeriggio nel porto di Varazze a bordo di Goletta Liguria, l&#8217;iniziativa della Regione Liguria per promuovere i progetti europei per il mare. &#8220;Tra le meduse timore per le cosiddette &#8216;cubomeduse&#8217;, presenti nel Mediterraneo. Le meduse pi\u00f9 grandi del Mediterraneo sono in mare davanti alle coste della [&hellip;]<\/p>\n","protected":false},"author":13744,"featured_media":0,"comment_status":"open","ping_status":"closed","sticky":false,"template":"","format":"standard","meta":{"footnotes":""},"categories":[],"tags":[34770,10178,85868],"class_list":["post-186227","post","type-post","status-publish","format-standard","hentry","tag-goletta-liguria","tag-meduse","tag-varazze","post_cat_citta-andora","post_cat_citta-varazze"],"amp_validity":null,"amp_enabled":true,"_links":{"self":[{"href":"https:\/\/staging.ivg.it\/ediapi\/wp\/v2\/posts\/186227","targetHints":{"allow":["GET"]}}],"collection":[{"href":"https:\/\/staging.ivg.it\/ediapi\/wp\/v2\/posts"}],"about":[{"href":"https:\/\/staging.ivg.it\/ediapi\/wp\/v2\/types\/post"}],"author":[{"embeddable":true,"href":"https:\/\/staging.ivg.it\/ediapi\/wp\/v2\/users\/13744"}],"replies":[{"embeddable":true,"href":"https:\/\/staging.ivg.it\/ediapi\/wp\/v2\/comments?post=186227"}],"version-history":[{"count":0,"href":"https:\/\/staging.ivg.it\/ediapi\/wp\/v2\/posts\/186227\/revisions"}],"wp:attachment":[{"href":"https:\/\/staging.ivg.it\/ediapi\/wp\/v2\/media?parent=186227"}],"wp:term":[{"taxonomy":"category","embeddable":true,"href":"https:\/\/staging.ivg.it\/ediapi\/wp\/v2\/categories?post=186227"},{"taxonomy":"post_tag","embeddable":true,"href":"https:\/\/staging.ivg.it\/ediapi\/wp\/v2\/tags?post=186227"}],"curies":[{"name":"wp","href":"https:\/\/api.w.org\/{rel}","templated":true}]}}