{"id":186126,"date":"2011-08-29T16:06:30","date_gmt":"2011-08-29T14:06:30","guid":{"rendered":"http:\/\/www.ivg.it\/?p=186126"},"modified":"2011-08-30T10:30:34","modified_gmt":"2011-08-30T08:30:34","slug":"protesta-anti-manovra-a-milano-le-voci-degli-amministratori-liguri","status":"publish","type":"post","link":"https:\/\/staging.ivg.it\/2011\/08\/protesta-anti-manovra-a-milano-le-voci-degli-amministratori-liguri\/","title":{"rendered":"Protesta anti-manovra a Milano: le voci degli amministratori liguri"},"content":{"rendered":"<p><strong>Milano<\/strong>. Le note dell&#8217;Inno di Mameli accompagnano la fase conclusiva della mobilitazione dell&#8217;Anci, a Milano, contro la manovra finanziaria e il pacchetto di tagli agli enti locali. Secondo le prime stime, sarebbero oltre 1500 i sindaci giunti nel capoluogo lombardo da ogni parte d&#8217;Italia. Dalla Liguria tre pullman e una ventina di auto hanno convogliato all&#8217;ombra del Pirellone circa 170 amministratori. Il corteo di fasce tricolori si \u00e8 mosso da piazza Duca d&#8217;Aosta ed ha quindi raggiunto Palazzo Marino, paralizzando la circolazione nelle vie intorno alla stazione centrale.<\/p>\n<p>Slogan come &#8220;Gi\u00f9 le mani dai Comuni&#8221; o &#8220;Governo che mangia i pesci piccoli&#8221; hanno scandito il serpentone del &#8220;pellegrinaggio laico&#8221;, come \u00e8 stato definito dal segretario dell&#8217;Anci Liguria, Pierluigi Vinai. Gianni Alemanno e Giuliano Pisapia l&#8217;uno al fianco dell&#8217;altro alla testa del corteo. Il corteo ha alla fine \u00e8 arrivato in piazza della Scala, dove si trova la sede del Comune e dove, su un palco, si sono alternati alcuni discorsi, trasversali a partiti e schieramenti. Con lo stesso denominatore comune: la manovra di ferragosto deve essere emendata, a partire dall&#8217;eliminazione dei tagli per gli enti locali e dallo stralcio dell&#8217;articolo 16 che prevede la soppressione dei campanili sotto i mille abitanti.<\/p>\n<p>&#8220;La presenza in massa di tanti sindaci \u00e8 un segnale fondamentale, perch\u00e9 denota che se c&#8217;\u00e8 necessit\u00e0 di un riassetto, questo non deve essere praticato attraverso la manovra economica. Occorre invece riorganizzare gli enti locali con una normativa propria, quale \u00e8 la carta delle autonomie&#8221; ha detto Milena Scosseria, sindaco di Orco Feglino.<\/p>\n<p>Per il vicesindaco di Loano, &#8220;la manifestazione rafforza la nostra voce e rincuora chi ogni giorno lavora a contatto con i cittadini. &#8220;&#8216;Gi\u00f9 le mani&#8217; \u00e8 lo slogan giusto &#8211; ha aggiunto &#8211; Ci auguriamo che il governo ascolti le ragioni dei territori, per andare incontro alle comunit\u00e0&#8221;.<\/p>\n<p>&#8220;Dalla piazza una proposta abbracciata con un caloroso applauso da tutti i sindaci: lo stralcio dell&#8217;articolo 16 dal decreto legislativo numero 138, quello appunto sui piccoli Comuni, e la revisione completa del patto di stabilit\u00e0. E anche in modo provocatorio l&#8217;ipotesi della rinuncia completa delle indennit\u00e0 di carica ma da parte di tutti, dal consigliere del piccolo Comune fino al ministro&#8221; ha evidenziato Gian Luca Giudice, assessore di Spotorno.<\/p>\n<p>&#8220;E&#8217; una manovra iniqua che imprime un colpo mortale ai Comuni &#8211; ha commentato Massimo Caleo, sindaco di Sarzana (La Spezia) &#8211; Siamo qui per mostrare il nostro disappunto. In questi anni abbiamo subito tagli che impediscono l&#8217;erogazione dei servizi essenziali, dalla scuola, ai servizi sociali ai trasporti&#8221;.<\/p>\n<p>&#8220;Siamo qua per rivelare chiaramente la rabbia contro la manovra anticomunale &#8211; ha dichiarato Juri Mazzanti, primo cittadino di Santo Stefano di Magra (La Spezia) &#8211; Si vuole far passare questo provvedimento per un risparmio, mentre in realt\u00e0 cancellare i Comuni produrrebbe un beneficio alla spesa pubblica di 5 milioni di euro a fronte di milioni e milioni dei quali avremmo realmente bisogno. Si taglino i parlamentari piuttosto. Questo modo di fare serve soltanto per togliere rappresentanza alla gente&#8221;.<\/p>\n<p>&#8220;Venderemo cara la nostra pelle. E&#8217; antidemocratico. Siamo totalmente abbandonati noi dei piccoli paesi, a partire dai problemi gravi come quello del dissesto idrogeologico. In virt\u00f9 anche della loro storia molta antica, i piccoli Comuni devono continuare ad esistere&#8221; ha affermato il sindaco di Montalto Ligure (borgo rurale imperiese di 400 anime, in Valle Argentina), Giovanna Lantrua.<\/p>\n<p>&#8220;Siamo scesi in piazza in tanti per dire no a una manovra che, ancora una volta, taglia indiscriminatamente ma non affronta i nodi strutturali. Con le ultime tre manovre agli enti locali vengono sottratti 100 miliardi. All&#8217;Italia servono riforme vere: accorpare le Regioni, superare le Province, far dimagrire lo Stato intervenendo su quelli che sono i veri centri di spreco, i ministeri. Ridurre davvero i costi della politica e togliere privilegi oggi inaccettabili&#8221; ha detto il primo cittadino della Spezia, Massimo Federici.<\/p>\n<p>A sfilare nel cordone organizzato dall&#8217;Anci anche il sindaco di Portofino, Giorgio d\u2019Alia. &#8220;Noi difenderemo la nostra autonomia e identit\u00e0. Abbiamo un bilancio sano e in attivo &#8211; ha rimarcato D&#8217;Alia &#8211; E&#8217; una battaglia di tutti per ottenere lo stralcio dell&#8217;articolo 16, anche se non riguarda direttamente Portofino in quanto non abbiamo Comuni contermini con i quali unirci. Noi abbiamo soldi in cassa per poterli spendere in funzione dei servizi. Con una gestione oculata delle risorse pubbliche si crea sviluppo&#8221;.<\/p>\n<p>La delegazione di sindaci che sta incontrando in Prefettura a Milano Roberto Maroni, ha portato in regalo al ministro dell&#8217;Interno alcuni dei gadget della protesta contro i tagli agli enti locali previsti in Finanziaria. Si tratta di una maglietta con scritto &#8220;Io non sono uno spreco&#8221; e un cappellino giallo con la scritta &#8220;Gi\u00f9 le mani dai Comuni&#8221; che molti di loro sfoggiavano oggi in corteo.<\/p>\n","protected":false},"excerpt":{"rendered":"<p>Milano. Le note dell&#8217;Inno di Mameli accompagnano la fase conclusiva della mobilitazione dell&#8217;Anci, a Milano, contro la manovra finanziaria e il pacchetto di tagli agli enti locali. Secondo le prime stime, sarebbero oltre 1500 i sindaci giunti nel capoluogo lombardo da ogni parte d&#8217;Italia. Dalla Liguria tre pullman e una ventina di auto hanno convogliato [&hellip;]<\/p>\n","protected":false},"author":13744,"featured_media":0,"comment_status":"open","ping_status":"closed","sticky":false,"template":"","format":"standard","meta":{"footnotes":""},"categories":[35,31],"tags":[1567,11366,325,4418,86136,781,295],"class_list":["post-186126","post","type-post","status-publish","format-standard","hentry","category-economia","category-politica","tag-anci","tag-anci-liguria","tag-comuni","tag-manovra","tag-milano","tag-protesta","tag-regione","post_cat_citta-andora"],"amp_validity":null,"amp_enabled":true,"_links":{"self":[{"href":"https:\/\/staging.ivg.it\/ediapi\/wp\/v2\/posts\/186126","targetHints":{"allow":["GET"]}}],"collection":[{"href":"https:\/\/staging.ivg.it\/ediapi\/wp\/v2\/posts"}],"about":[{"href":"https:\/\/staging.ivg.it\/ediapi\/wp\/v2\/types\/post"}],"author":[{"embeddable":true,"href":"https:\/\/staging.ivg.it\/ediapi\/wp\/v2\/users\/13744"}],"replies":[{"embeddable":true,"href":"https:\/\/staging.ivg.it\/ediapi\/wp\/v2\/comments?post=186126"}],"version-history":[{"count":0,"href":"https:\/\/staging.ivg.it\/ediapi\/wp\/v2\/posts\/186126\/revisions"}],"wp:attachment":[{"href":"https:\/\/staging.ivg.it\/ediapi\/wp\/v2\/media?parent=186126"}],"wp:term":[{"taxonomy":"category","embeddable":true,"href":"https:\/\/staging.ivg.it\/ediapi\/wp\/v2\/categories?post=186126"},{"taxonomy":"post_tag","embeddable":true,"href":"https:\/\/staging.ivg.it\/ediapi\/wp\/v2\/tags?post=186126"}],"curies":[{"name":"wp","href":"https:\/\/api.w.org\/{rel}","templated":true}]}}