{"id":186065,"date":"2011-08-29T12:40:01","date_gmt":"2011-08-29T10:40:01","guid":{"rendered":"http:\/\/www.ivg.it\/?p=186065"},"modified":"2011-08-29T17:18:20","modified_gmt":"2011-08-29T15:18:20","slug":"protesta-dei-sindaci-a-milano-centinaia-in-coro-siamo-noi-siamo-noi-la-risorsa-dellitalia-siamo-noi","status":"publish","type":"post","link":"https:\/\/staging.ivg.it\/2011\/08\/protesta-dei-sindaci-a-milano-centinaia-in-coro-siamo-noi-siamo-noi-la-risorsa-dellitalia-siamo-noi\/","title":{"rendered":"Protesta dei sindaci a Milano, centinaia in coro: \u201cSiamo noi, la risorsa dell\u2019Italia siamo noi\u2026\u201d"},"content":{"rendered":"<p><strong>Milano<\/strong>. &#8220;Siamo noi, siamo noi, la risorsa dell&#8217;Italia siamo noi&#8221;. Un coro di sindaci si scatena per le strade di Milano, dal grattacielo Pirelli a Palazzo Marino, per amplificare la protesta contro i tagli previsti dalla manovra agostana del governo. Un folto serpentone di fasce tricolori che passa tra la gente. Il corteo dei sindaci \u00e8 aperto da uno striscione con la scritta &#8220;Gi\u00f9 le mani dai Comuni. Pi\u00f9 forte il tuo Comune pi\u00f9 forti i tuoi diritti&#8221;. Sono numerosissimi gli amministratori comunali che partecipano alla mobilitazione, circa 1500 secondo la prima stima, oltre 170 dalla Liguria.<\/p>\n<p>Su alcuni cartelli \u00e8 raffigurato uno squalo, con la scritta &#8220;Governo che mangia dei pesci piccoli&#8221; che rappresentano, per l&#8217;appunto, i Comuni. Qualcuno intona l&#8217;inno di Mameli. &#8220;Un pellegrinaggio laico&#8221; l&#8217;ha definito Pierluigi Vinai, segretario di Anci Liguria. &#8220;La nostra \u00e8 una manifestazione di popolo, siamo tanti sindaci che rappresentano la gente. Tra l\u2019altro i sindaci sono gli unici che prendono voti, dobbiamo ricordarlo: sapere che il governo dovr\u00e0 aumentare l\u2019Iva per difendere i Comuni \u00e8 una cosa che fa ribollire il sangue. Quando i cittadini hanno problemi si rivolgono ai sindaci, non ai parlamentari e sicuramente non ai consiglieri regionali. Sono i sindaci, soprattutto dei piccoli Comuni, che intervengono quando ci sono problemi di ordine idrogeologico, come frane, smottamenti, incendi&#8221; ha aggiunto Vinai.<\/p>\n<p>Con l&#8217;abolizione dei Comuni sotto i 1000 abitanti il risparmio sarebbe di 5 milioni di euro circa, una cifra marginale rispetto ai numeri mastodontici del decreto. &#8220;Una cifra che non risolve nessun problema &#8211; ha osservato Vinai &#8211; Il nostro \u00e8 un movimento di gente non di casta. La casta non si raduna all\u2019alba per una manifestazione, ma opera nell\u2019occulto e nelle stanze segrete&#8221;.<\/p>\n<p>In rappresentanza della Regione Liguria sfila l&#8217;assessore ai trasporti Enrico Vesco: &#8220;E\u2019 una manovra da rigettare, per quanto mi riguarda nella sua intera struttura, ma stamane siamo qui per protestare contro i tagli ai Comuni, grave aspetto intollerabile di questo decreto frettoloso&#8221; ha sottolineato.<\/p>\n<p>&#8220;Quanto \u00e8 pi\u00f9 forte la crisi, tanto pi\u00f9 forte deve essere la risposta con idee nuove&#8221; ha dal palco della manifestazione milanese Marta Vincenzi, in veste di presidente di Anci Liguria. &#8220;Ringrazio i rappresentanti di oltre 160 Comuni che oggi sono qui &#8211; ha detto il sindaco di Genova &#8211; Di questo abbiamo bisogno, di una prova di democrazia. Genova \u00e8 in una piccola regione, ma \u00e8 il terzo Comune del Nord. Non \u00e8 giusto, come pensa di fare qualcuno, contrapporre enti piccoli e grossi. Possiamo crescere soltanto se si mette a valore il ruolo delle autonomie locali&#8221;. <\/p>\n<p>Il corteo degli amministratori \u00e8 partito dal Pirellone per raggiungere piazza della Scala, davanti a Palazzo Marino, sede del Comune di Milano. Dalla Liguria sono giunti in piazza Duca d&#8217;Aosta con tre pullman e una ventina di auto. <\/p>\n<p>&#8220;Senza contenimento della spesa non \u00e8 possibile andare avanti &#8211; ha sottolineato Marta Vincenzi &#8211; Ma per ripartire nello sviluppo bisogna mettere al centro le autonomie locali. Siamo qui per dire no all&#8217;articolo 16 della manovra&#8221;. L&#8217;articolo, cio\u00e8, che prevede la cancellazione dei cosiddetti mini-enti, ovvero i municipi sotto i mille residenti, e che l&#8217;Associazione Nazionale Comuni Italiani chiede venga stralciato. &#8220;E&#8217; con noi che devono fare i conti &#8211; ha concluso la Vincenzi &#8211; Grazie Milano&#8221;. <\/p>\n","protected":false},"excerpt":{"rendered":"<p>Milano. &#8220;Siamo noi, siamo noi, la risorsa dell&#8217;Italia siamo noi&#8221;. Un coro di sindaci si scatena per le strade di Milano, dal grattacielo Pirelli a Palazzo Marino, per amplificare la protesta contro i tagli previsti dalla manovra agostana del governo. Un folto serpentone di fasce tricolori che passa tra la gente. Il corteo dei sindaci [&hellip;]<\/p>\n","protected":false},"author":13744,"featured_media":0,"comment_status":"open","ping_status":"closed","sticky":false,"template":"","format":"standard","meta":{"footnotes":""},"categories":[35,31],"tags":[1567,11366,325,4418,86136,295,4607],"class_list":["post-186065","post","type-post","status-publish","format-standard","hentry","category-economia","category-politica","tag-anci","tag-anci-liguria","tag-comuni","tag-manovra","tag-milano","tag-regione","tag-sindaci","post_cat_citta-andora"],"amp_validity":null,"amp_enabled":true,"_links":{"self":[{"href":"https:\/\/staging.ivg.it\/ediapi\/wp\/v2\/posts\/186065","targetHints":{"allow":["GET"]}}],"collection":[{"href":"https:\/\/staging.ivg.it\/ediapi\/wp\/v2\/posts"}],"about":[{"href":"https:\/\/staging.ivg.it\/ediapi\/wp\/v2\/types\/post"}],"author":[{"embeddable":true,"href":"https:\/\/staging.ivg.it\/ediapi\/wp\/v2\/users\/13744"}],"replies":[{"embeddable":true,"href":"https:\/\/staging.ivg.it\/ediapi\/wp\/v2\/comments?post=186065"}],"version-history":[{"count":0,"href":"https:\/\/staging.ivg.it\/ediapi\/wp\/v2\/posts\/186065\/revisions"}],"wp:attachment":[{"href":"https:\/\/staging.ivg.it\/ediapi\/wp\/v2\/media?parent=186065"}],"wp:term":[{"taxonomy":"category","embeddable":true,"href":"https:\/\/staging.ivg.it\/ediapi\/wp\/v2\/categories?post=186065"},{"taxonomy":"post_tag","embeddable":true,"href":"https:\/\/staging.ivg.it\/ediapi\/wp\/v2\/tags?post=186065"}],"curies":[{"name":"wp","href":"https:\/\/api.w.org\/{rel}","templated":true}]}}