{"id":186029,"date":"2011-08-29T11:36:00","date_gmt":"2011-08-29T09:36:00","guid":{"rendered":"http:\/\/www.ivg.it\/?p=186029"},"modified":"2011-08-29T17:44:33","modified_gmt":"2011-08-29T15:44:33","slug":"protesta-anti-manovra-marta-vincenzi-partecipazione-massiccia-dei-sindaci-dimostrazione-di-reazione-democratica","status":"publish","type":"post","link":"https:\/\/staging.ivg.it\/2011\/08\/protesta-anti-manovra-marta-vincenzi-partecipazione-massiccia-dei-sindaci-dimostrazione-di-reazione-democratica\/","title":{"rendered":"Protesta anti-manovra, Marta Vincenzi: \u201cPartecipazione massiccia dei sindaci dimostrazione di reazione democratica\u201d"},"content":{"rendered":"<p><strong>Milano<\/strong>. &#8220;La nostra regione sente fortemente il peso di una manovra iniqua, per questo la partecipazione di Anci Liguria \u00e8 oggi massiccia, con non meno di 150 sindaci&#8221;. Lo sottolinea il sindaco di Genova, Marta Vincenzi, poco prima di partire per il corteo che nel capoluogo lombardo raggiunger\u00e0 piazza Duca d&#8217;Aosta.<\/p>\n<p>&#8220;Non \u00e8 concepibile che ci sia ancora qualcuno che pensi di tagliare ulteriormente le risorse ai Comuni, come se questa fosse la via per salvare la capacit\u00e0 d&#8217;impresa di un Paese, quando \u00e8 una penalizzazione proprio a danno degli enti che stanno riducendo davvero il debito&#8221; afferma il primo cittadino genovese e presidente per la Liguria dell&#8217;Associazione Nazionale Comuni Italiani. &#8220;Questo governo &#8211; aggiunge &#8211; pratica strada della riduzione delle autonomie, che invece ovunque sono lo strumento per attivare la responsabilit\u00e0 locale, e pone i lacci dei patti di stabilit\u00e0 per impedire di fare investimenti. E&#8217; una vergogna&#8221;.<\/p>\n<p>La mobilitazione mobilitazione dei Comuni vuole scongiurare accorpamenti e cancellazioni delle amministrazioni comunali sotto i mille abitanti e arginare gli effetti della manovra finanziaria sugli enti locali. &#8220;I Comuni sono in prima linea per tutelare servizi e tenore di vita cittadino &#8211; commenta Marta Vincenzi &#8211; Se crolla il livello di partecipazione democratica, nelle citt\u00e0, piccole o grandi che siano, ne usciamo arretrati. Nella crisi la reazione democratica deve essere pi\u00f9 forte&#8221;. &#8220;La grande partecipazione di amministratori liguri oggi &#8211; conclude &#8211; \u00e8 il risultato del lavoro svolto dall&#8217;Anci nell&#8217;articolazione delle proposte per contrastare questa manovra ingiusta&#8221;.<\/p>\n","protected":false},"excerpt":{"rendered":"<p>Milano. &#8220;La nostra regione sente fortemente il peso di una manovra iniqua, per questo la partecipazione di Anci Liguria \u00e8 oggi massiccia, con non meno di 150 sindaci&#8221;. Lo sottolinea il sindaco di Genova, Marta Vincenzi, poco prima di partire per il corteo che nel capoluogo lombardo raggiunger\u00e0 piazza Duca d&#8217;Aosta. &#8220;Non \u00e8 concepibile che [&hellip;]<\/p>\n","protected":false},"author":13744,"featured_media":0,"comment_status":"open","ping_status":"closed","sticky":false,"template":"","format":"standard","meta":{"footnotes":""},"categories":[35,31],"tags":[1567,11366,86019,22908,86136,295],"class_list":["post-186029","post","type-post","status-publish","format-standard","hentry","category-economia","category-politica","tag-anci","tag-anci-liguria","tag-comune","tag-marta-vincenzi","tag-milano","tag-regione","post_cat_citta-andora"],"amp_validity":null,"amp_enabled":true,"_links":{"self":[{"href":"https:\/\/staging.ivg.it\/ediapi\/wp\/v2\/posts\/186029","targetHints":{"allow":["GET"]}}],"collection":[{"href":"https:\/\/staging.ivg.it\/ediapi\/wp\/v2\/posts"}],"about":[{"href":"https:\/\/staging.ivg.it\/ediapi\/wp\/v2\/types\/post"}],"author":[{"embeddable":true,"href":"https:\/\/staging.ivg.it\/ediapi\/wp\/v2\/users\/13744"}],"replies":[{"embeddable":true,"href":"https:\/\/staging.ivg.it\/ediapi\/wp\/v2\/comments?post=186029"}],"version-history":[{"count":0,"href":"https:\/\/staging.ivg.it\/ediapi\/wp\/v2\/posts\/186029\/revisions"}],"wp:attachment":[{"href":"https:\/\/staging.ivg.it\/ediapi\/wp\/v2\/media?parent=186029"}],"wp:term":[{"taxonomy":"category","embeddable":true,"href":"https:\/\/staging.ivg.it\/ediapi\/wp\/v2\/categories?post=186029"},{"taxonomy":"post_tag","embeddable":true,"href":"https:\/\/staging.ivg.it\/ediapi\/wp\/v2\/tags?post=186029"}],"curies":[{"name":"wp","href":"https:\/\/api.w.org\/{rel}","templated":true}]}}