{"id":185855,"date":"2011-08-27T18:22:43","date_gmt":"2011-08-27T16:22:43","guid":{"rendered":"http:\/\/www.ivg.it\/?p=185855"},"modified":"2011-08-27T18:46:00","modified_gmt":"2011-08-27T16:46:00","slug":"manovra-lega-nord-savonese-modifiche-su-province-e-piccoli-comuni","status":"publish","type":"post","link":"https:\/\/staging.ivg.it\/2011\/08\/manovra-lega-nord-savonese-modifiche-su-province-e-piccoli-comuni\/","title":{"rendered":"Manovra, Lega Nord savonese: &#8220;Modifiche su province e piccoli comuni&#8221;"},"content":{"rendered":"<p><strong>Savona.<\/strong> &#8220;Sbagliato abolire le province, tgolere gli enti provinciali dalle citt\u00e0 metropolitane pu\u00f2 essere un indirizzo corretto ma non si pu\u00f2 pensare di usare il criterio del numero di abitanti in quanto la provincia di savona, ad esempio, \u00e8 chiamata a gestire un territorio complicato dal punto di vista orografico e delle sue caratteristiche geografiche, quindi amministrarlo pu\u00f2 risultare assai pi\u00f9 complesso rispetto ad una provincia con pi\u00f9 di 300 mila abitanti&#8221;. A dirlo il segretario provinciale della Lega Nord Paolo Ripamonti, che a nome del Carroccio provinciale auspica modifiche alla manovra sul fronte del taglio previsto per gli enti locali.<\/p>\n<p>Anche sui piccoli comuni: &#8220;Credo che non si possano cancellare o accorpare realt\u00e0 fondamentali per il presidio e la conservazione del territorio, credo che si possano trovare altri equilibriri di finanza statale che impediscano l&#8217;abolizione delle amministrazioni sotto i 1.000 abitanti: questo comporterebbe anche l&#8217;allontanamento dalle istituzioni dei cittadini di realt\u00e0 comunali che, seppur piccole, restano legate ai Comuni&#8221; conclude Ripamonti.<\/p>\n","protected":false},"excerpt":{"rendered":"<p>Savona. &#8220;Sbagliato abolire le province, tgolere gli enti provinciali dalle citt\u00e0 metropolitane pu\u00f2 essere un indirizzo corretto ma non si pu\u00f2 pensare di usare il criterio del numero di abitanti in quanto la provincia di savona, ad esempio, \u00e8 chiamata a gestire un territorio complicato dal punto di vista orografico e delle sue caratteristiche geografiche, [&hellip;]<\/p>\n","protected":false},"author":13744,"featured_media":0,"comment_status":"open","ping_status":"closed","sticky":false,"template":"","format":"standard","meta":{"footnotes":""},"categories":[31],"tags":[630,4418,10714,10656,3026,85850],"class_list":["post-185855","post","type-post","status-publish","format-standard","hentry","category-politica","tag-lega-nord","tag-manovra","tag-paolo-ripamonti","tag-piccoli-comuni","tag-province","tag-savona","post_cat_citta-andora","post_cat_citta-savona"],"amp_validity":null,"amp_enabled":true,"_links":{"self":[{"href":"https:\/\/staging.ivg.it\/ediapi\/wp\/v2\/posts\/185855","targetHints":{"allow":["GET"]}}],"collection":[{"href":"https:\/\/staging.ivg.it\/ediapi\/wp\/v2\/posts"}],"about":[{"href":"https:\/\/staging.ivg.it\/ediapi\/wp\/v2\/types\/post"}],"author":[{"embeddable":true,"href":"https:\/\/staging.ivg.it\/ediapi\/wp\/v2\/users\/13744"}],"replies":[{"embeddable":true,"href":"https:\/\/staging.ivg.it\/ediapi\/wp\/v2\/comments?post=185855"}],"version-history":[{"count":0,"href":"https:\/\/staging.ivg.it\/ediapi\/wp\/v2\/posts\/185855\/revisions"}],"wp:attachment":[{"href":"https:\/\/staging.ivg.it\/ediapi\/wp\/v2\/media?parent=185855"}],"wp:term":[{"taxonomy":"category","embeddable":true,"href":"https:\/\/staging.ivg.it\/ediapi\/wp\/v2\/categories?post=185855"},{"taxonomy":"post_tag","embeddable":true,"href":"https:\/\/staging.ivg.it\/ediapi\/wp\/v2\/tags?post=185855"}],"curies":[{"name":"wp","href":"https:\/\/api.w.org\/{rel}","templated":true}]}}