{"id":185305,"date":"2011-08-25T13:18:06","date_gmt":"2011-08-25T11:18:06","guid":{"rendered":"http:\/\/www.ivg.it\/?p=185305"},"modified":"2011-08-25T18:35:41","modified_gmt":"2011-08-25T16:35:41","slug":"turismo-berlangieri-traccia-primo-bilancio-molti-stranieri-aumento-degli-arrivi-ma-cala-il-fatturato-delle-imprese","status":"publish","type":"post","link":"https:\/\/staging.ivg.it\/2011\/08\/turismo-berlangieri-traccia-primo-bilancio-molti-stranieri-aumento-degli-arrivi-ma-cala-il-fatturato-delle-imprese\/","title":{"rendered":"Turismo, Berlangieri traccia primo bilancio: \u201cMolti stranieri, aumento degli arrivi, ma cala il fatturato delle imprese\u201d"},"content":{"rendered":"<p><strong>Regione<\/strong>. &#8220;E&#8217; stato un andamento altalenante iniziato con un aumento degli arrivi a marzo e aprile in tutte le strutture ricettive della Liguria rispetto all&#8217;anno precedente, mentre maggio ha registrato un calo, giugno si \u00e8 assestato sulla linea dell&#8217;anno precedente e luglio \u00e8 andato male per effetto del clima terribile&#8221;. E&#8217; il quadro tracciato dall&#8217;assessore regionale al turismo Angelo Berlangieri, che prosegue: &#8220;Per agosto si pu\u00f2 dire che, confermando le previsioni, la prima decade di agosto c&#8217;\u00e8 stata una flessione intorno all&#8217;1%, ma dal 10 agosto in poi il movimento si \u00e8 ripreso in modo eccezionale con il tutto esaurito. I primi giorni di settembre si prevedono buoni sino alla riapertura delle scuole in Piemonte e Lombardia&#8221;. <\/p>\n<p>&#8220;Se vogliamo tracciare un approssimativo bilancio degli ultimi otto mesi &#8211; aggiunge l&#8217;assessore &#8211; i primi cinque mesi hanno registrato un aumento degli arrivi del 3% e una diminuzione delle presenze dell&#8217;1,7%. Con il risultato che prevediamo alla fine un bilancio con arrivi uguali o aumentati rispetto al 2010 e presenze diminuite. Si conferma intanto il buon andamento del turismo internazionale, con moltissimi stranieri anche nel 2011. La velocit\u00e0 di crescita del movimento internazionale in Liguria \u00e8 del 4%, rispetto al 2% di media nazionale. Quindi la Liguria aumenta meglio rispetto all&#8217;Italia&#8221;. <\/p>\n<p>Dopo vent&#8217;anni cambia la percentuale di italiani-stranieri in vacanza in Liguria: oggi la ripartizione \u00e8 di 35% stranieri e 65% italiani, contro il 30%\/70% del passato. &#8220;Ci siamo progressivamente internazionalizzati &#8211; afferma Berlangieri &#8211; Questo \u00e8 dovuto al buon posizionamento sulle piazze estere della nostra offerta. Anche quest&#8217;anno si sono confermati gli arrivi da Germania, Austria, Svizzera, Francia e Inghilterra. Ma ci sono buone notizie anche dai mercati pi\u00f9 distanti, quali quelli dell&#8217;Est: sono molti i russi che si vedono nel ponente ligure. Rimane buona anche la quota di americani nel levante&#8221;. <\/p>\n<p>Genova si sta affermando come citt\u00e0 turistica a tutti gli effetti. &#8220;Non \u00e8 pi\u00f9 come una volta, ormai \u00e8 chiaro: Genova \u00e8 una destinazione turistica &#8211; dice l&#8217;assessore &#8211; Dieci anni fa sarebbe stato assurdo pensare che Genova potesse competere con Firenze&#8221;. Non solo quindi Liguria sinonimo di spiaggia, mare e sole, ma anche di cultura. &#8220;L&#8217;esempio \u00e8 proprio Genova dove l&#8217;appeal \u00e8 il prodotto cultura &#8211; sottolinea &#8211; Genova anzi viene sempre pi\u00f9 identificata come meta culturale. Segnali positivi riceviamo anche dalla riscoperta paesaggistico-ambientale dell&#8217;entroterra. Anche se \u00e8 proprio l&#8217;entroterra, in termini di affari, a continuare a soffrire di pi\u00f9&#8221;. <\/p>\n<p>A soffrire dei capricci climatici \u00e8 stata la riviera di ponente, pi\u00f9 concentrata sull&#8217;offerta turistica di tipo balneare. &#8220;Il dato incoraggiante \u00e8 l&#8217;aumento degli arrivi, ma il calo dei giorni di presenza e una minore propensione alla spesa sono gli elementi preoccupanti&#8221; commenta Berlangieri. &#8220;Questo si traduce in un crollo intorno al 5% il fatturato delle imprese. E&#8217; per questo che a livello istituzionale dobbiamo sostenere le imprese, soprattutto nella stagione invernale. Dobbiamo evitare questa forzata stagionalizzazione delle capacit\u00e0 liguri di stare sul mercato. Bisogna invece puntare sul percorso di internazionalizzazione e cos\u00ec ampliare il portafoglio clienti&#8221;. &#8220;L&#8217;obiettivo &#8211; conclude l&#8217;assessore regionale &#8211; \u00e8 di aiutare l&#8217;imprese turistiche a rimanere aperte anche oltre la stagione estiva, a resistere e promuovere un&#8217;offerta che riguardi tutto l&#8217;anno&#8221;. <\/p>\n","protected":false},"excerpt":{"rendered":"<p>Regione. &#8220;E&#8217; stato un andamento altalenante iniziato con un aumento degli arrivi a marzo e aprile in tutte le strutture ricettive della Liguria rispetto all&#8217;anno precedente, mentre maggio ha registrato un calo, giugno si \u00e8 assestato sulla linea dell&#8217;anno precedente e luglio \u00e8 andato male per effetto del clima terribile&#8221;. E&#8217; il quadro tracciato dall&#8217;assessore [&hellip;]<\/p>\n","protected":false},"author":13744,"featured_media":0,"comment_status":"open","ping_status":"closed","sticky":false,"template":"","format":"standard","meta":{"footnotes":""},"categories":[35,31],"tags":[15517,402,295,107,421],"class_list":["post-185305","post","type-post","status-publish","format-standard","hentry","category-economia","category-politica","tag-angelo-berlangieri","tag-mare","tag-regione","tag-turismo","tag-turisti","post_cat_citta-andora"],"amp_validity":null,"amp_enabled":true,"_links":{"self":[{"href":"https:\/\/staging.ivg.it\/ediapi\/wp\/v2\/posts\/185305","targetHints":{"allow":["GET"]}}],"collection":[{"href":"https:\/\/staging.ivg.it\/ediapi\/wp\/v2\/posts"}],"about":[{"href":"https:\/\/staging.ivg.it\/ediapi\/wp\/v2\/types\/post"}],"author":[{"embeddable":true,"href":"https:\/\/staging.ivg.it\/ediapi\/wp\/v2\/users\/13744"}],"replies":[{"embeddable":true,"href":"https:\/\/staging.ivg.it\/ediapi\/wp\/v2\/comments?post=185305"}],"version-history":[{"count":0,"href":"https:\/\/staging.ivg.it\/ediapi\/wp\/v2\/posts\/185305\/revisions"}],"wp:attachment":[{"href":"https:\/\/staging.ivg.it\/ediapi\/wp\/v2\/media?parent=185305"}],"wp:term":[{"taxonomy":"category","embeddable":true,"href":"https:\/\/staging.ivg.it\/ediapi\/wp\/v2\/categories?post=185305"},{"taxonomy":"post_tag","embeddable":true,"href":"https:\/\/staging.ivg.it\/ediapi\/wp\/v2\/tags?post=185305"}],"curies":[{"name":"wp","href":"https:\/\/api.w.org\/{rel}","templated":true}]}}