{"id":185251,"date":"2011-08-25T10:03:15","date_gmt":"2011-08-25T08:03:15","guid":{"rendered":"http:\/\/www.ivg.it\/?p=185251"},"modified":"2011-08-25T15:49:34","modified_gmt":"2011-08-25T13:49:34","slug":"voltri-sbarcato-540-profughi-11-saranno-ospitati-tra-varazze-e-albenga","status":"publish","type":"post","link":"https:\/\/staging.ivg.it\/2011\/08\/voltri-sbarcato-540-profughi-11-saranno-ospitati-tra-varazze-e-albenga\/","title":{"rendered":"Voltri, sbarcati 540 profughi: 11 saranno ospitati tra Varazze e Albenga"},"content":{"rendered":"<p><strong>Voltri.<\/strong> Come la Regione aveva annunciato negli scorsi giorni, stamattina intorno alle 8 \u00e8 arrivato al Vte di Voltri il traghetto Moby Fantasy, che ha trasportato 540 profughi provenienti da Lampedusa e probabilmente di origine libica.<\/p>\n<p>Soltanto 24 di questi immigrati rimarranno in Liguria, mentre gli altri raggiungeranno i centri di accoglienza di altre regioni del nord. 7 persone verranno accolte a Varazze, 4 ad Albenga, 10 a Pornassio e 3 a Genova Cornigliano.<\/p>\n<p>Rambaudi ha lamentato nei giorni scorsi la mancanza di nuove strutture di accoglienza e ha parlato della necessit\u00e0 di rivolgersi a quelle realt\u00e0 che hanno dato la loro disponibilit\u00e0 nei mesi scorsi, e cos\u00ec \u00e8 stato. Da settembre, per\u00f2, l\u2019assessore regionale si \u00e8 impegnato a trovare nuove soluzioni a Genova. <\/p>\n<p>&#8220;Le province di Savona, Imperia e La Spezia sono allineate in termini di potenziale d\u2019accoglienza, mentre \u00e8 nel Genovese che ci sono poco proposte o strutture che si rivelano inadeguate. Da settembre, quindi, svolgeremo nuovi incontri con gli amministratori per individuare i siti\u201d, ha detto Rambaudi.<\/p>\n","protected":false},"excerpt":{"rendered":"<p>Voltri. Come la Regione aveva annunciato negli scorsi giorni, stamattina intorno alle 8 \u00e8 arrivato al Vte di Voltri il traghetto Moby Fantasy, che ha trasportato 540 profughi provenienti da Lampedusa e probabilmente di origine libica. Soltanto 24 di questi immigrati rimarranno in Liguria, mentre gli altri raggiungeranno i centri di accoglienza di altre regioni [&hellip;]<\/p>\n","protected":false},"author":13744,"featured_media":0,"comment_status":"open","ping_status":"closed","sticky":false,"template":"","format":"standard","meta":{"footnotes":""},"categories":[34],"tags":[85841,2729,32030,31335,31028,32013,85868],"class_list":["post-185251","post","type-post","status-publish","format-standard","hentry","category-cronaca","tag-albenga","tag-immigrati","tag-lampedusa","tag-libia","tag-profughi","tag-sbarchi","tag-varazze","post_cat_citta-albenga","post_cat_citta-varazze"],"amp_validity":null,"amp_enabled":true,"_links":{"self":[{"href":"https:\/\/staging.ivg.it\/ediapi\/wp\/v2\/posts\/185251","targetHints":{"allow":["GET"]}}],"collection":[{"href":"https:\/\/staging.ivg.it\/ediapi\/wp\/v2\/posts"}],"about":[{"href":"https:\/\/staging.ivg.it\/ediapi\/wp\/v2\/types\/post"}],"author":[{"embeddable":true,"href":"https:\/\/staging.ivg.it\/ediapi\/wp\/v2\/users\/13744"}],"replies":[{"embeddable":true,"href":"https:\/\/staging.ivg.it\/ediapi\/wp\/v2\/comments?post=185251"}],"version-history":[{"count":0,"href":"https:\/\/staging.ivg.it\/ediapi\/wp\/v2\/posts\/185251\/revisions"}],"wp:attachment":[{"href":"https:\/\/staging.ivg.it\/ediapi\/wp\/v2\/media?parent=185251"}],"wp:term":[{"taxonomy":"category","embeddable":true,"href":"https:\/\/staging.ivg.it\/ediapi\/wp\/v2\/categories?post=185251"},{"taxonomy":"post_tag","embeddable":true,"href":"https:\/\/staging.ivg.it\/ediapi\/wp\/v2\/tags?post=185251"}],"curies":[{"name":"wp","href":"https:\/\/api.w.org\/{rel}","templated":true}]}}