{"id":184231,"date":"2011-08-20T15:56:36","date_gmt":"2011-08-20T13:56:36","guid":{"rendered":"http:\/\/www.ivg.it\/?p=184231"},"modified":"2011-08-21T14:10:38","modified_gmt":"2011-08-21T12:10:38","slug":"presentazione-savona-calcio-i-commenti-del-presidente-pesce-e-di-mister-corda","status":"publish","type":"post","link":"https:\/\/staging.ivg.it\/2011\/08\/presentazione-savona-calcio-i-commenti-del-presidente-pesce-e-di-mister-corda\/","title":{"rendered":"Presentazione Savona Calcio, i commenti del presidente Pesce e di mister Corda"},"content":{"rendered":"<p><strong>Savona.<\/strong> &#8220;La crisi ha colpito anche il Savona calcio, il ridimensionamento \u00e8 un fatto attuale, speriamo che il Comune mantenga le sue promesse e le nuove infratrutture possano portare nuovi sponsor e investitori che al momento sono carenti. Al di l\u00e0 di questo la squadra \u00e8 vincente e possiamo fare un campionato di alto livello&#8221;. E&#8217; il commento del presidente Andrea Pesce durante la presentazione della nuova stagione del Savona Calcio, dichiarazioni che hanno fatto intendere l&#8217;importanza di realizzare al pi\u00f9 presto il nuovo stadio.<\/p>\n<p>&#8220;Teniamo conto che sono le infrastrtture che contano e il fatto che ci siano tanti giovani rappresenta un investimento nel futuro in termini calcistici&#8221; aggiunge Pesce. Sul rapporto con i tifosi: &#8220;Io credo che sia uno dei pochi rapporti rimasto saldo, sono convinto che saranno vicini alla squadra e siamo pronti a regalargli grosse soddisfazioni&#8221;.<\/p>\n<p>Quanto alle modifiche in vista nel campionato di Lega Pro: &#8220;Saremo adempienti alle riforme, pensiamo a fare un campionato di alto livello e poi vedremo&#8221; conclude il presidente.<\/p>\n<p>&#8220;Abbiamo fatto una buona sqaudra, con un occhio al bilancio, \u00e8 importante che la societ\u00e0 rispetti le proprie esigenze economiche in un periodo delicato come questo, serve valorizzare i giovani, e completermo la rosa con i portieri. Stiamo facendo bene e ci sono le premesse per un campionato al vertice&#8221; sottolinea mister Ninni Corda.<\/p>\n<p>Sul numero di retrocessioni che si prospettano con la riforma della Lega Pro: &#8220;Finch\u00e8 non ci saranno comunicazioni ufficiali aspettiamo. Anche per questo sar\u00e0 un campionato all&#8217;insegna dell&#8217;incertezza, un campionato che premier\u00e0 chi avr\u00e0 pi\u00f9 continuit\u00e0 di rendimento. Comunque mi auguro non ci sia una cancellazione di troppe squadre che andrebbe ad impoverire un bacino calcistico importante&#8221; conclude Corda.<\/p>\n","protected":false},"excerpt":{"rendered":"<p>Savona. &#8220;La crisi ha colpito anche il Savona calcio, il ridimensionamento \u00e8 un fatto attuale, speriamo che il Comune mantenga le sue promesse e le nuove infratrutture possano portare nuovi sponsor e investitori che al momento sono carenti. Al di l\u00e0 di questo la squadra \u00e8 vincente e possiamo fare un campionato di alto livello&#8221;. [&hellip;]<\/p>\n","protected":false},"author":13744,"featured_media":0,"comment_status":"open","ping_status":"closed","sticky":false,"template":"","format":"standard","meta":{"footnotes":""},"categories":[32],"tags":[10241,34823,86042],"class_list":["post-184231","post","type-post","status-publish","format-standard","hentry","category-sport","tag-andrea-pesce","tag-mister-corda","tag-savona-calcio","post_cat_citta-andora","post_cat_citta-savona"],"amp_validity":null,"amp_enabled":true,"_links":{"self":[{"href":"https:\/\/staging.ivg.it\/ediapi\/wp\/v2\/posts\/184231","targetHints":{"allow":["GET"]}}],"collection":[{"href":"https:\/\/staging.ivg.it\/ediapi\/wp\/v2\/posts"}],"about":[{"href":"https:\/\/staging.ivg.it\/ediapi\/wp\/v2\/types\/post"}],"author":[{"embeddable":true,"href":"https:\/\/staging.ivg.it\/ediapi\/wp\/v2\/users\/13744"}],"replies":[{"embeddable":true,"href":"https:\/\/staging.ivg.it\/ediapi\/wp\/v2\/comments?post=184231"}],"version-history":[{"count":0,"href":"https:\/\/staging.ivg.it\/ediapi\/wp\/v2\/posts\/184231\/revisions"}],"wp:attachment":[{"href":"https:\/\/staging.ivg.it\/ediapi\/wp\/v2\/media?parent=184231"}],"wp:term":[{"taxonomy":"category","embeddable":true,"href":"https:\/\/staging.ivg.it\/ediapi\/wp\/v2\/categories?post=184231"},{"taxonomy":"post_tag","embeddable":true,"href":"https:\/\/staging.ivg.it\/ediapi\/wp\/v2\/tags?post=184231"}],"curies":[{"name":"wp","href":"https:\/\/api.w.org\/{rel}","templated":true}]}}