{"id":184178,"date":"2011-08-20T12:45:50","date_gmt":"2011-08-20T10:45:50","guid":{"rendered":"http:\/\/www.ivg.it\/?p=184178"},"modified":"2011-08-20T20:13:38","modified_gmt":"2011-08-20T18:13:38","slug":"savona-individuati-i-responsabili-della-rissa-in-piazza-del-popolo","status":"publish","type":"post","link":"https:\/\/staging.ivg.it\/2011\/08\/savona-individuati-i-responsabili-della-rissa-in-piazza-del-popolo\/","title":{"rendered":"Savona, individuati i responsabili della rissa in piazza del Popolo"},"content":{"rendered":"<p><strong>Savona.<\/strong> Un cane che morde un uomo, anche se alla fine i pi\u00f9 &#8220;rabbiosi&#8221; sono risultati essere gli &#8220;esemplari&#8221; a due zampe. La rissa scoppiata ieri sera in piazza del Popolo a Savona tra un 44enne di origine romana e due fratelli valbormidesi \u00e8 nata in seguito all&#8217;attacco improvviso di un cane che ha dato il via ad una serie di reazioni violente e dalle conseguenze imprevedibili.<\/p>\n<p>Il 44enne \u00e8 stato infatti colpito con violenza al volto dopo che uno dei suoi due rivali \u00e8 stato preso di mira dal ben poco amichevole quattro zampe. Un&#8217;aggressione andata in scena in una delle piazze pi\u00f9 discusse della citt\u00e0 della Torretta dove da sempre la presenza di sbandati e clochard tiene sul &#8220;chi va l\u00e0&#8221; cittadini e residenti, che, anche questa volta, hanno dato l&#8217;allarme.<\/p>\n<p>&#8220;La pattuglia si trovava nelle vicinanze per un servizio preventivo e ricevuta la nota dalla Sala Operativa \u2013 spiega il Capo di Gabinetto della Questura di Savona Massimo Molinari &#8211;  \u00e8 cos\u00ec riuscita ad intervenire tempestivamente identificando gli autori dell\u2019episodio&#8221;. Questi ultimi sono stati denunciati con l\u2019accusa di lesioni aggravate in concorso. Un altro giovane \u00e8 stato, inoltre, denunciato all\u2019A.G. per autocalunnia, in quanto in un primo momento si era dichiarato responsabile del fatto, cambiando poi versione.<\/p>\n<p>&#8220;In queste ore &#8211; conclude Molinari &#8211; si sta valutando la possibilit\u00e0 dell\u2019emissione del provvedimento di &#8216;Avviso orale&#8217;, da parte del Questore della Provincia di Savona a carico dei denunciati&#8221;.<\/p>\n","protected":false},"excerpt":{"rendered":"<p>Savona. Un cane che morde un uomo, anche se alla fine i pi\u00f9 &#8220;rabbiosi&#8221; sono risultati essere gli &#8220;esemplari&#8221; a due zampe. La rissa scoppiata ieri sera in piazza del Popolo a Savona tra un 44enne di origine romana e due fratelli valbormidesi \u00e8 nata in seguito all&#8217;attacco improvviso di un cane che ha dato [&hellip;]<\/p>\n","protected":false},"author":13744,"featured_media":0,"comment_status":"open","ping_status":"closed","sticky":false,"template":"","format":"standard","meta":{"footnotes":""},"categories":[34],"tags":[1179,1248,748,718,85850],"class_list":["post-184178","post","type-post","status-publish","format-standard","hentry","category-cronaca","tag-clochard","tag-piazza-del-popolo","tag-polizia","tag-rissa","tag-savona","post_cat_citta-savona"],"amp_validity":null,"amp_enabled":true,"_links":{"self":[{"href":"https:\/\/staging.ivg.it\/ediapi\/wp\/v2\/posts\/184178","targetHints":{"allow":["GET"]}}],"collection":[{"href":"https:\/\/staging.ivg.it\/ediapi\/wp\/v2\/posts"}],"about":[{"href":"https:\/\/staging.ivg.it\/ediapi\/wp\/v2\/types\/post"}],"author":[{"embeddable":true,"href":"https:\/\/staging.ivg.it\/ediapi\/wp\/v2\/users\/13744"}],"replies":[{"embeddable":true,"href":"https:\/\/staging.ivg.it\/ediapi\/wp\/v2\/comments?post=184178"}],"version-history":[{"count":0,"href":"https:\/\/staging.ivg.it\/ediapi\/wp\/v2\/posts\/184178\/revisions"}],"wp:attachment":[{"href":"https:\/\/staging.ivg.it\/ediapi\/wp\/v2\/media?parent=184178"}],"wp:term":[{"taxonomy":"category","embeddable":true,"href":"https:\/\/staging.ivg.it\/ediapi\/wp\/v2\/categories?post=184178"},{"taxonomy":"post_tag","embeddable":true,"href":"https:\/\/staging.ivg.it\/ediapi\/wp\/v2\/tags?post=184178"}],"curies":[{"name":"wp","href":"https:\/\/api.w.org\/{rel}","templated":true}]}}