{"id":183887,"date":"2011-08-19T11:00:54","date_gmt":"2011-08-19T09:00:54","guid":{"rendered":"http:\/\/www.ivg.it\/?p=183887"},"modified":"2011-08-31T09:53:31","modified_gmt":"2011-08-31T07:53:31","slug":"magliolo-nuova-fattoria-fotovoltaica-alle-battute-finali-impianto-da-25-mw","status":"publish","type":"post","link":"https:\/\/staging.ivg.it\/2011\/08\/magliolo-nuova-fattoria-fotovoltaica-alle-battute-finali-impianto-da-25-mw\/","title":{"rendered":"Magliolo, nuova fattoria fotovoltaica alle battute finali: impianto da 2,5 MW"},"content":{"rendered":"<p><strong>Magliolo.<\/strong> Prende forma l&#8217;atteso progetto della fattoria fotovoltaica prevista a Magliolo, comune della Val Maremola, impianto che verr\u00e0 realizzato nell&#8217;ex discarica. Passato l&#8217;ostacolo dello studio di fattibilit\u00e0 le prossime tappe prevedono un ultimo via libera da parte della Regione per approdare in Conferenza dei servizi, con l&#8217;ok finale anche della Provincia di Savona.<\/p>\n<p>&#8220;Il progetto nasce da un accordo di programma della precedente amministrazione che noi abbiamo portato avanti, conviti del significato dei nuovi investimenti nelle energie rinnovabili. Sar\u00e0 un impianto importante, da 2,5 MW &#8211; spiega il sindaco Enrico Lanfranco -. Il nostro Comune ha ingenti spese per portare via il pergolato, perci\u00f2 la nuova fattoria ridurr\u00e0 un problema per le nostre casse comunali. Si comincer\u00e0 con un primo lotto nell&#8217;area della discarica chiusa del 1992, in seguito verr\u00e0 bandito un secondo lotto in localit\u00e0 Casei, non ancora utilizzabile in quanto deve concludersi l&#8217;assestamento della discarica secondo la normativa in vigore sulla dismissione e riutilizzo dell&#8217;area. Sar\u00e0 un appalto internazionale &#8211; aggiunge ancora Lanfranco -, che permetter\u00e0 di avere un impianto significativo per il comprensorio e anche per il Basso Piemonte. Se tutto andr\u00e0 per il verso giusto entro l&#8217;anno potrebbero gi\u00e0 partire i lavori, sperando che non tocchino gli incentivi per il settore, e per la fine del 2012 \u00e8 in programma la conclusione del primo lotto&#8221;.<\/p>\n<p>Sulla base dello studio di fattibilit\u00e0 dell&#8217;intervento nel progetto era previsto anche una ipotesi di ampliamento per l&#8217;eolico, anche se la Regione sembra aver frenato su questo indirizzo considerata la zona non molto favorevole.<\/p>\n<p>&#8220;Come Comune avremo inoltre a disposizione l&#8217;impianto del biogas, sembrano infatti risolti i problemi con la societ\u00e0 che c&#8217;era prima, e quindi potremo avere gli introiti per almeno i prossimi sette anni&#8221; conclude il sindaco Magliolo.<\/p>\n","protected":false},"excerpt":{"rendered":"<p>Magliolo. Prende forma l&#8217;atteso progetto della fattoria fotovoltaica prevista a Magliolo, comune della Val Maremola, impianto che verr\u00e0 realizzato nell&#8217;ex discarica. Passato l&#8217;ostacolo dello studio di fattibilit\u00e0 le prossime tappe prevedono un ultimo via libera da parte della Regione per approdare in Conferenza dei servizi, con l&#8217;ok finale anche della Provincia di Savona. &#8220;Il progetto [&hellip;]<\/p>\n","protected":false},"author":4,"featured_media":0,"comment_status":"open","ping_status":"closed","sticky":false,"template":"","format":"standard","meta":{"footnotes":""},"categories":[35],"tags":[85914],"class_list":["post-183887","post","type-post","status-publish","format-standard","hentry","category-economia","tag-magliolo","post_cat_citta-magliolo"],"amp_validity":null,"amp_enabled":true,"_links":{"self":[{"href":"https:\/\/staging.ivg.it\/ediapi\/wp\/v2\/posts\/183887","targetHints":{"allow":["GET"]}}],"collection":[{"href":"https:\/\/staging.ivg.it\/ediapi\/wp\/v2\/posts"}],"about":[{"href":"https:\/\/staging.ivg.it\/ediapi\/wp\/v2\/types\/post"}],"author":[{"embeddable":true,"href":"https:\/\/staging.ivg.it\/ediapi\/wp\/v2\/users\/4"}],"replies":[{"embeddable":true,"href":"https:\/\/staging.ivg.it\/ediapi\/wp\/v2\/comments?post=183887"}],"version-history":[{"count":0,"href":"https:\/\/staging.ivg.it\/ediapi\/wp\/v2\/posts\/183887\/revisions"}],"wp:attachment":[{"href":"https:\/\/staging.ivg.it\/ediapi\/wp\/v2\/media?parent=183887"}],"wp:term":[{"taxonomy":"category","embeddable":true,"href":"https:\/\/staging.ivg.it\/ediapi\/wp\/v2\/categories?post=183887"},{"taxonomy":"post_tag","embeddable":true,"href":"https:\/\/staging.ivg.it\/ediapi\/wp\/v2\/tags?post=183887"}],"curies":[{"name":"wp","href":"https:\/\/api.w.org\/{rel}","templated":true}]}}