{"id":182315,"date":"2011-08-11T12:45:22","date_gmt":"2011-08-11T10:45:22","guid":{"rendered":"http:\/\/www.ivg.it\/?p=182315"},"modified":"2011-08-11T16:21:35","modified_gmt":"2011-08-11T14:21:35","slug":"carcere-di-savona-il-sappe-agenti-costretti-a-cambiarsi-nei-corridoi","status":"publish","type":"post","link":"https:\/\/staging.ivg.it\/2011\/08\/carcere-di-savona-il-sappe-agenti-costretti-a-cambiarsi-nei-corridoi\/","title":{"rendered":"Carcere di Savona, il Sappe: \u201cAgenti costretti a cambiarsi nei corridoi\u201d"},"content":{"rendered":"<p><strong>Savona<\/strong>. Attriti tra gli agenti di polizia penitenziaria in servizio a Savona ed il nuovo comandante del reparto. Li evidenzia il Sappe, sigla sindacale di categoria, che scrive al capo dell&#8217;amministrazione penitenziaria Franco Ionta: &#8220;Ci giungono segnali da Savona di un personale sfiduciato e demotivato in relazione al nuovo responsabile del comando di reparto, che peraltro<br \/>\nfino ad oggi non ha ritenuto opportuno e necessario programmare quelle conferenze di servizio rispetto alle quali l\u2019amministrazione penitenziaria ha sempre puntato molto come momento di interscambio professionale, ed al suo agire. Un agire che ci viene rappresentato &#8216;aspro e conflittuale&#8217; con buona parte del personale in servizio&#8221;. <\/p>\n<p>&#8220;E\u2019 utile evidenziare &#8211; prosegue il Sappe &#8211; che i poliziotti penitenziari di Savona hanno lavorato e lavorano costantemente e con grande professionalit\u00e0 in una realt\u00e0 caratterizzata da un pesante sovraffollamento e da una endemica carenza di organico, criticit\u00e0 aggravate dalla fatiscenza strutturale della struttura che ospita la casa circondariale e dalla costante assenza di una autorit\u00e0 dirigente titolare&#8221;.<\/p>\n<p>&#8220;E\u2019 del tutto evidente che una situazione di questo tipo non pu\u00f2 essere accettata, come non \u00e8 tollerabile che il personale sia costretto a cambiarsi nei corridoi della piccola caserma perch\u00e9 la stanza in comune prima in uso \u00e8 stata destinata ad uso esclusivo al comandante di reparto! Non \u00e8 neppure pi\u00f9 tollerabile che il carcere di Savona non abbia direttore titolare!&#8221; conclude il Sappe. <\/p>\n","protected":false},"excerpt":{"rendered":"<p>Savona. Attriti tra gli agenti di polizia penitenziaria in servizio a Savona ed il nuovo comandante del reparto. Li evidenzia il Sappe, sigla sindacale di categoria, che scrive al capo dell&#8217;amministrazione penitenziaria Franco Ionta: &#8220;Ci giungono segnali da Savona di un personale sfiduciato e demotivato in relazione al nuovo responsabile del comando di reparto, che [&hellip;]<\/p>\n","protected":false},"author":13744,"featured_media":0,"comment_status":"open","ping_status":"closed","sticky":false,"template":"","format":"standard","meta":{"footnotes":""},"categories":[34],"tags":[2394,2662,6136,85850],"class_list":["post-182315","post","type-post","status-publish","format-standard","hentry","category-cronaca","tag-carcere","tag-santagostino","tag-sappe","tag-savona","post_cat_citta-savona"],"amp_validity":null,"amp_enabled":true,"_links":{"self":[{"href":"https:\/\/staging.ivg.it\/ediapi\/wp\/v2\/posts\/182315","targetHints":{"allow":["GET"]}}],"collection":[{"href":"https:\/\/staging.ivg.it\/ediapi\/wp\/v2\/posts"}],"about":[{"href":"https:\/\/staging.ivg.it\/ediapi\/wp\/v2\/types\/post"}],"author":[{"embeddable":true,"href":"https:\/\/staging.ivg.it\/ediapi\/wp\/v2\/users\/13744"}],"replies":[{"embeddable":true,"href":"https:\/\/staging.ivg.it\/ediapi\/wp\/v2\/comments?post=182315"}],"version-history":[{"count":0,"href":"https:\/\/staging.ivg.it\/ediapi\/wp\/v2\/posts\/182315\/revisions"}],"wp:attachment":[{"href":"https:\/\/staging.ivg.it\/ediapi\/wp\/v2\/media?parent=182315"}],"wp:term":[{"taxonomy":"category","embeddable":true,"href":"https:\/\/staging.ivg.it\/ediapi\/wp\/v2\/categories?post=182315"},{"taxonomy":"post_tag","embeddable":true,"href":"https:\/\/staging.ivg.it\/ediapi\/wp\/v2\/tags?post=182315"}],"curies":[{"name":"wp","href":"https:\/\/api.w.org\/{rel}","templated":true}]}}