{"id":181903,"date":"2011-08-09T19:20:47","date_gmt":"2011-08-09T17:20:47","guid":{"rendered":"http:\/\/www.ivg.it\/?p=181903"},"modified":"2011-08-09T19:40:10","modified_gmt":"2011-08-09T17:40:10","slug":"camion-in-fiamme-sulla-a10-allaltezza-di-pietra-ligure","status":"publish","type":"post","link":"https:\/\/staging.ivg.it\/2011\/08\/camion-in-fiamme-sulla-a10-allaltezza-di-pietra-ligure\/","title":{"rendered":"Camion in fiamme sulla A10 all&#8217;altezza di Pietra Ligure"},"content":{"rendered":"<p><strong>Pietra Ligure<\/strong>. I vigili del fuoco del distaccamento di Finale Ligure sono stati impegnati nello spegnimento di un rogo che ha coinvolto un camion sull&#8217;autostrada A10, all&#8217;altezza di Pietra Ligure, in direzione Francia. L&#8217;episodio \u00e8 accaduto intorno alle ore 19.<\/p>\n<p>A prendere fuoco\u00a0\u00e8 stato il motore del mezzo pesante. L&#8217;autista, avvedutosi di quanto stava accadendo, ha accostato ed \u00e8 uscito dall&#8217;abitacolo. L&#8217;incendio non ha interessato altre vetture e non ha causato feriti, n\u00e9 particolari problemi alla circolazione veicolare.<\/p>\n","protected":false},"excerpt":{"rendered":"<p>Pietra Ligure. I vigili del fuoco del distaccamento di Finale Ligure sono stati impegnati nello spegnimento di un rogo che ha coinvolto un camion sull&#8217;autostrada A10, all&#8217;altezza di Pietra Ligure, in direzione Francia. L&#8217;episodio \u00e8 accaduto intorno alle ore 19. A prendere fuoco\u00a0\u00e8 stato il motore del mezzo pesante. L&#8217;autista, avvedutosi di quanto stava accadendo, [&hellip;]<\/p>\n","protected":false},"author":13744,"featured_media":0,"comment_status":"open","ping_status":"closed","sticky":false,"template":"","format":"standard","meta":{"footnotes":""},"categories":[34],"tags":[1084,423,85830,618],"class_list":["post-181903","post","type-post","status-publish","format-standard","hentry","category-cronaca","tag-camion","tag-incendio","tag-pietra-ligure","tag-vigili-del-fuoco","post_cat_citta-pietra-ligure"],"amp_validity":null,"amp_enabled":true,"_links":{"self":[{"href":"https:\/\/staging.ivg.it\/ediapi\/wp\/v2\/posts\/181903","targetHints":{"allow":["GET"]}}],"collection":[{"href":"https:\/\/staging.ivg.it\/ediapi\/wp\/v2\/posts"}],"about":[{"href":"https:\/\/staging.ivg.it\/ediapi\/wp\/v2\/types\/post"}],"author":[{"embeddable":true,"href":"https:\/\/staging.ivg.it\/ediapi\/wp\/v2\/users\/13744"}],"replies":[{"embeddable":true,"href":"https:\/\/staging.ivg.it\/ediapi\/wp\/v2\/comments?post=181903"}],"version-history":[{"count":0,"href":"https:\/\/staging.ivg.it\/ediapi\/wp\/v2\/posts\/181903\/revisions"}],"wp:attachment":[{"href":"https:\/\/staging.ivg.it\/ediapi\/wp\/v2\/media?parent=181903"}],"wp:term":[{"taxonomy":"category","embeddable":true,"href":"https:\/\/staging.ivg.it\/ediapi\/wp\/v2\/categories?post=181903"},{"taxonomy":"post_tag","embeddable":true,"href":"https:\/\/staging.ivg.it\/ediapi\/wp\/v2\/tags?post=181903"}],"curies":[{"name":"wp","href":"https:\/\/api.w.org\/{rel}","templated":true}]}}