{"id":181793,"date":"2011-08-09T13:30:04","date_gmt":"2011-08-09T11:30:04","guid":{"rendered":"http:\/\/www.ivg.it\/?p=181793"},"modified":"2011-08-09T13:44:54","modified_gmt":"2011-08-09T11:44:54","slug":"turismo-agli-italiani-piacciono-le-vacanze-intelligenti","status":"publish","type":"post","link":"https:\/\/staging.ivg.it\/2011\/08\/turismo-agli-italiani-piacciono-le-vacanze-intelligenti\/","title":{"rendered":"Turismo: agli italiani piacciono le vacanze intelligenti"},"content":{"rendered":"<p>La vecchia abitudine del &#8220;tutto chiuso per ferie&#8221; sta cambiando, sempre di pi\u00f9 gli italiani scoprono i vantaggi delle vacanze al di fuori dei picchi dell&#8217;altissima stagione. La stagione estiva 2011, partita lentamente, sta registrando una graduale ripresa delle vendite. <\/p>\n<p>&#8220;Possiamo comunque sin da ora identificare alcune tendenze, tra cui quella delle prenotazioni sotto data e di una maggiore distribuzione delle vacanze durante il periodo estivo. Meno ferragosto ma crescita per fine agosto e per settembre&#8221;. E&#8217; quanto rileva Roberto Corbella, presidente dell&#8217;Astoi, l&#8217;Associazione della Confindustria dei Tour Operator. <\/p>\n<p>La durata media, pi\u00f9 breve del passato, si attesta intorno ai 12 giorni, informa l&#8217;Associazione. Le incertezze economiche e la oggettiva difficolt\u00e0 a far quadrare il bilancio di molte famiglie, hanno indotto molti italiani a ricercare un rapporto qualit\u00e0-prezzo ancora pi\u00f9 vincente ed anche a spalmare la vacanza su pi\u00f9 periodi, di alta-media stagione, con una diminuita concentrazione nei periodi di altissima. In questo modo, i vacanzieri, informa ancora l&#8217;Astoi, sono riusciti a cogliere prezzi pi\u00f9 vantaggiosi, abbinati a una migliore fruibilit\u00e0 delle localit\u00e0 turistiche.  <\/p>\n","protected":false},"excerpt":{"rendered":"<p>La vecchia abitudine del &#8220;tutto chiuso per ferie&#8221; sta cambiando, sempre di pi\u00f9 gli italiani scoprono i vantaggi delle vacanze al di fuori dei picchi dell&#8217;altissima stagione. La stagione estiva 2011, partita lentamente, sta registrando una graduale ripresa delle vendite. &#8220;Possiamo comunque sin da ora identificare alcune tendenze, tra cui quella delle prenotazioni sotto data [&hellip;]<\/p>\n","protected":false},"author":13744,"featured_media":0,"comment_status":"open","ping_status":"closed","sticky":false,"template":"","format":"standard","meta":{"footnotes":""},"categories":[35],"tags":[107,418],"class_list":["post-181793","post","type-post","status-publish","format-standard","hentry","category-economia","tag-turismo","tag-vacanze","post_cat_citta-andora"],"amp_validity":null,"amp_enabled":true,"_links":{"self":[{"href":"https:\/\/staging.ivg.it\/ediapi\/wp\/v2\/posts\/181793","targetHints":{"allow":["GET"]}}],"collection":[{"href":"https:\/\/staging.ivg.it\/ediapi\/wp\/v2\/posts"}],"about":[{"href":"https:\/\/staging.ivg.it\/ediapi\/wp\/v2\/types\/post"}],"author":[{"embeddable":true,"href":"https:\/\/staging.ivg.it\/ediapi\/wp\/v2\/users\/13744"}],"replies":[{"embeddable":true,"href":"https:\/\/staging.ivg.it\/ediapi\/wp\/v2\/comments?post=181793"}],"version-history":[{"count":0,"href":"https:\/\/staging.ivg.it\/ediapi\/wp\/v2\/posts\/181793\/revisions"}],"wp:attachment":[{"href":"https:\/\/staging.ivg.it\/ediapi\/wp\/v2\/media?parent=181793"}],"wp:term":[{"taxonomy":"category","embeddable":true,"href":"https:\/\/staging.ivg.it\/ediapi\/wp\/v2\/categories?post=181793"},{"taxonomy":"post_tag","embeddable":true,"href":"https:\/\/staging.ivg.it\/ediapi\/wp\/v2\/tags?post=181793"}],"curies":[{"name":"wp","href":"https:\/\/api.w.org\/{rel}","templated":true}]}}