{"id":181744,"date":"2011-08-09T08:45:42","date_gmt":"2011-08-09T06:45:42","guid":{"rendered":"http:\/\/www.ivg.it\/?p=181744"},"modified":"2011-08-09T12:26:24","modified_gmt":"2011-08-09T10:26:24","slug":"albisola-chiusura-anticipata-per-i-locali-e-il-sindaco-orsi-lancia-il-sondaggio-su-facebook","status":"publish","type":"post","link":"https:\/\/staging.ivg.it\/2011\/08\/albisola-chiusura-anticipata-per-i-locali-e-il-sindaco-orsi-lancia-il-sondaggio-su-facebook\/","title":{"rendered":"Albisola, chiusura anticipata per i locali? E il sindaco Orsi lancia il sondaggio su Facebook"},"content":{"rendered":"<p><strong>Albisola<\/strong>. Movida s\u00ec o movida no? E il sondaggio sbarca su Facebook. L&#8217;idea di chiedere l&#8217;opinione ai cittadini direttamente sul social network \u00e8 stata lanciata dal sindaco di Albisola Superiore Franco Orsi. Nei giorni scorsi infatti il primo cittadino ha pubblicato sulla bacheca della sua pagina la domanda &#8220;Siete favorevoli ad anticipare la chiusura dei locali per migliorare la quiete notturna?&#8221; ed ha invitato gli albisolesi a rispondere in rete. Orsi non \u00e8 certamente il primo amministratore locale ad utilizzare Facebook come mezzo di comunicazione &#8220;diretto&#8221; con i cittadini ma \u00e8 forse il primo in Liguria ad aver pensato di aprire un sondaggio vero e proprio sulla sua pagina.<\/p>\n<p>&#8220;Terr\u00f2 aperto il sondaggio sugli orari di chiusura dei locali fino a domani (oggi ndr) &#8211; ha precisato Orsi sulla sua bacheca -. Poi proveremo a confrontarci sulle conclusioni. Prego tutti coloro che hanno dibattuto nel post di continuare a farlo qui, sulla pagina, \u00e8 interessante per tutti leggere&#8221;. E diversi cittadini hanno accolto la proposta del sindaco rispondendo alla questione: &#8220;No. Anzi, Albisola ha bisogno di locali aperti sino a sera tarda, tipo paninoteche ecc&#8230; fate un salto a Rimini a vedere come si f\u00e0 ad attirare il turismo, l\u00ec i locali chiudono a notte fonda e non parlo solo di discoteche, ma anche di paninoteche e piadinerie e molto altro&#8221; scrive Ornella.<\/p>\n<p>&#8220;Credo che per due mesi all&#8217;anno scarsi si possa fare un sacrificio visto che viviamo in un posto di mare e di turismo! Il mese e mezzo, spesso, si riduce al venerd\u00ec e sabato&#8230; Bisogna studiare una migliore modalit\u00e0 di gestione del flusso di gente e non chiedere la chiusura dei locali (che lavorano!)&#8221; aggiunge Deborah. C&#8217;\u00e8 poi chi lancia proposte provocatorie: &#8220;A chi non ha le finestre insonorizzate (e si alza alle 5 tutti i giorni, sabato compreso) e\/o non se le puo permettere, &#8216;magari&#8217; perch\u00e9 \u00e9 in affitto, potrebbe passarle il Comune o i gestori dei locali che disturbano fino alle 5 del mattino!&#8221;scrive Bruna.<\/p>\n<p>&#8220;Da cittadino e portando il discorso su un piano prettamente pratico e facendo un esempio terra-terra, credo che se si riesca a far si che i turisti vengano ad Albisola e cos\u00ec facendo nel frattempo si riescano anche a trovare i soldi per asfaltare le strade, ben vengano allora i turisti ad Albisola&#8221; commenta infine Daniele. Qualche risposta dai cittadini l&#8217;ha avuta. Adesso non resta che attendere il commento del sindaco Orsi ai risultati del sondaggio.<\/p>\n","protected":false},"excerpt":{"rendered":"<p>Albisola. Movida s\u00ec o movida no? E il sondaggio sbarca su Facebook. L&#8217;idea di chiedere l&#8217;opinione ai cittadini direttamente sul social network \u00e8 stata lanciata dal sindaco di Albisola Superiore Franco Orsi. Nei giorni scorsi infatti il primo cittadino ha pubblicato sulla bacheca della sua pagina la domanda &#8220;Siete favorevoli ad anticipare la chiusura dei [&hellip;]<\/p>\n","protected":false},"author":2394,"featured_media":0,"comment_status":"open","ping_status":"closed","sticky":false,"template":"","format":"standard","meta":{"footnotes":""},"categories":[56,34,31],"tags":[432,1365,9967,4356],"class_list":["post-181744","post","type-post","status-publish","format-standard","hentry","category-altre","category-cronaca","category-politica","tag-albisola","tag-facebook","tag-movida","tag-sondaggio","post_cat_citta-albisola-superiore"],"amp_validity":null,"amp_enabled":true,"_links":{"self":[{"href":"https:\/\/staging.ivg.it\/ediapi\/wp\/v2\/posts\/181744","targetHints":{"allow":["GET"]}}],"collection":[{"href":"https:\/\/staging.ivg.it\/ediapi\/wp\/v2\/posts"}],"about":[{"href":"https:\/\/staging.ivg.it\/ediapi\/wp\/v2\/types\/post"}],"author":[{"embeddable":true,"href":"https:\/\/staging.ivg.it\/ediapi\/wp\/v2\/users\/2394"}],"replies":[{"embeddable":true,"href":"https:\/\/staging.ivg.it\/ediapi\/wp\/v2\/comments?post=181744"}],"version-history":[{"count":0,"href":"https:\/\/staging.ivg.it\/ediapi\/wp\/v2\/posts\/181744\/revisions"}],"wp:attachment":[{"href":"https:\/\/staging.ivg.it\/ediapi\/wp\/v2\/media?parent=181744"}],"wp:term":[{"taxonomy":"category","embeddable":true,"href":"https:\/\/staging.ivg.it\/ediapi\/wp\/v2\/categories?post=181744"},{"taxonomy":"post_tag","embeddable":true,"href":"https:\/\/staging.ivg.it\/ediapi\/wp\/v2\/tags?post=181744"}],"curies":[{"name":"wp","href":"https:\/\/api.w.org\/{rel}","templated":true}]}}