{"id":181732,"date":"2011-08-08T21:30:54","date_gmt":"2011-08-08T19:30:54","guid":{"rendered":"http:\/\/www.ivg.it\/?p=181732"},"modified":"2011-08-09T13:45:36","modified_gmt":"2011-08-09T11:45:36","slug":"santa-corona-vertice-tra-de-vincenzi-e-consiglieri-regionali-soluzione-condivisa-con-albenga","status":"publish","type":"post","link":"https:\/\/staging.ivg.it\/2011\/08\/santa-corona-vertice-tra-de-vincenzi-e-consiglieri-regionali-soluzione-condivisa-con-albenga\/","title":{"rendered":"Santa Corona, vertice tra De Vincenzi e consiglieri regionali: \u201cSoluzione condivisa con Albenga\u201d"},"content":{"rendered":"<p><strong>Pietra L. <\/strong>&#8220;Credo che da questo incontro sia scaturito quanto gi\u00e0 emerso nella riunione ad Albenga&#8230;Serve una soluzione condivisa tra il nuovo ospedale ingauno e quella che sar\u00e0 il monoblocco del Santa Corona, ovvero la medicina territoriale e di base ad Albenga e un ospedale specialistico a Pietra Ligure con il mantenimento del Dea di II livello, ed eventualmente la cardiochirurgia se andasse via da Rapallo&#8221;. <\/p>\n<p>Sono le parole del sindaco di Pietra Ligure Luigi De Vincenzi al termine dell&#8217;incontro con i quattro consiglieri regionali del ponente savonese, Stefano Quaini, Marco Melgrati, Nino Miceli e Roberta Gasco, con al centro la riorganizzazione dei presidi ospedalieri e, naturalmente, il futuro del Santa Corona, anche alla luce dell&#8217;operazione urbanistica che dovr\u00e0 interessare le aree del nosocomio pietrese per finanziare il nuovo monoblocco.<\/p>\n<p>&#8220;Per il Santa Corona serve una struttura nuova, un monoblocco moderno e funzionale, non si \u00e8 parlato ancora di numeri e di quantit\u00e0, bisogna capire le potenzialit\u00e0 che potr\u00e0 avere l&#8217;ospedale e quali specialit\u00e0 contenere. Dalla riunione si comunque \u00e8 affermato un concetto che dovr\u00e0 trovare applicazione fin dai primi giorni di settembre: con Albenga bisogna dialogare e parlarsi, perch\u00e8 le scelte sulla sanit\u00e0 nel ponente savonese e sui nostri ospedali sia davvero espressione e volont\u00e0 del territorio&#8221; conclude il sindaco pietrese<\/p>\n","protected":false},"excerpt":{"rendered":"<p>Pietra L. &#8220;Credo che da questo incontro sia scaturito quanto gi\u00e0 emerso nella riunione ad Albenga&#8230;Serve una soluzione condivisa tra il nuovo ospedale ingauno e quella che sar\u00e0 il monoblocco del Santa Corona, ovvero la medicina territoriale e di base ad Albenga e un ospedale specialistico a Pietra Ligure con il mantenimento del Dea di [&hellip;]<\/p>\n","protected":false},"author":4,"featured_media":0,"comment_status":"open","ping_status":"closed","sticky":false,"template":"","format":"standard","meta":{"footnotes":""},"categories":[31],"tags":[1307,85830,111,302],"class_list":["post-181732","post","type-post","status-publish","format-standard","hentry","category-politica","tag-luigi-de-vincenzi","tag-pietra-ligure","tag-sanita","tag-santa-corona","post_cat_citta-albenga","post_cat_citta-andora","post_cat_citta-pietra-ligure"],"amp_validity":null,"amp_enabled":true,"_links":{"self":[{"href":"https:\/\/staging.ivg.it\/ediapi\/wp\/v2\/posts\/181732","targetHints":{"allow":["GET"]}}],"collection":[{"href":"https:\/\/staging.ivg.it\/ediapi\/wp\/v2\/posts"}],"about":[{"href":"https:\/\/staging.ivg.it\/ediapi\/wp\/v2\/types\/post"}],"author":[{"embeddable":true,"href":"https:\/\/staging.ivg.it\/ediapi\/wp\/v2\/users\/4"}],"replies":[{"embeddable":true,"href":"https:\/\/staging.ivg.it\/ediapi\/wp\/v2\/comments?post=181732"}],"version-history":[{"count":0,"href":"https:\/\/staging.ivg.it\/ediapi\/wp\/v2\/posts\/181732\/revisions"}],"wp:attachment":[{"href":"https:\/\/staging.ivg.it\/ediapi\/wp\/v2\/media?parent=181732"}],"wp:term":[{"taxonomy":"category","embeddable":true,"href":"https:\/\/staging.ivg.it\/ediapi\/wp\/v2\/categories?post=181732"},{"taxonomy":"post_tag","embeddable":true,"href":"https:\/\/staging.ivg.it\/ediapi\/wp\/v2\/tags?post=181732"}],"curies":[{"name":"wp","href":"https:\/\/api.w.org\/{rel}","templated":true}]}}