{"id":181367,"date":"2011-08-07T11:23:57","date_gmt":"2011-08-07T09:23:57","guid":{"rendered":"http:\/\/www.ivg.it\/?p=181367"},"modified":"2011-08-07T11:25:39","modified_gmt":"2011-08-07T09:25:39","slug":"rally-madeira-de-micheli-centra-la-nona-posizione-al-debutto-nel-campionato-europeo","status":"publish","type":"post","link":"https:\/\/staging.ivg.it\/2011\/08\/rally-madeira-de-micheli-centra-la-nona-posizione-al-debutto-nel-campionato-europeo\/","title":{"rendered":"Rally, Madeira: De Micheli centra la nona posizione al debutto nel Campionato Europeo"},"content":{"rendered":"<p><strong>Carcare<\/strong>. Una nona posizione assoluta maturata grazie ad una condotta aggressiva sull&#8217;asfalto delle ultime tre prove speciali. Manuel De Micheli ha confermato quelle che erano le aspettative della vigilia, riuscendo a ritagliarsi un ruolo di primo piano sui chilometri del Rali Vinho da Madeira, appuntamento portoghese valido per il Campionato Europeo Rally 2011 in scena dal 4 al 6 agosto a Funchal.<\/p>\n<p>Sul sedile della Peugeot 207 Super2000 messa a disposizione dalla piemontese Erreffe ed affiancato alle note dal toscano Daniele Michi, il talentuoso pilota di Carcare aveva concluso la prima tappa in nona posizione assoluta, cedendo il giorno seguente a varie problematiche che lo avevano relegato fuori dalla top ten assoluta.<\/p>\n<p>Un problema alla frizione, una errata scelta di gomme ed un testacoda, elementi determinanti nell&#8217;appesantire il, fino ad allora, positivo trend espresso sulle speciali \u201ccontinentali\u201d dell&#8217;isola dell&#8217;Oceano Atlantico.<\/p>\n<p>&#8220;Sono felicissimo \u2013 ha commentato De Micheli a fine gara \u2013. Concludere una gara difficile come questa era gi\u00e0, di per s\u00e9, un risultato soddisfacente. Riuscire a centrare la nona posizione assoluta, in un contesto decisamente nuovo per me, \u00e8 ancora pi\u00f9 bello\u201d.<\/p>\n<p>Diciannove prove speciali, oltre duecentosessanta chilometri vissuti con intensit\u00e0, impreziositi dal confronto con i \u201cprimi attori\u201d del Campionato Europeo e da una condotta crescente che ha visto il pilota della Val Bormida reagire con determinazione alle avversit\u00e0 dell&#8217;appuntamento portoghese. Una performance che ha visto l&#8217;equipaggio italiano della scuderia Xrallyteam cogliere il quinto miglior tempo nelle ultime due prove speciali in programma e recuperare ben due posizioni in classifica, a testimonianza dell&#8217;assoluta determinazione nel riuscire a centrare l&#8217;obiettivo top-ten finale.<\/p>\n<p>\u201cAbbiamo perso un minuto a seguito di alcuni problemi occorsi a cambio e frizione, prontamente risolti dal team al successivo parco assistenza \u2013 ha proseguito De Micheli \u2013. Ho attaccato nelle ultime speciali, per recuperare. Una tattica che ha pagato ma che, anche senza le problematiche del sabato mattina, avrei attuato. A questo punto la cosa che pi\u00f9 desidero fare \u00e8 ringraziare chi ha permesso il coronamento di questo sogno: Impresa Bagnasco, First Corporation ed Eni Carcare.<\/p>\n<p>Nelle foto (Ralivm.com): Manuel De Micheli e Daniele Michi\u00a0in azione sulle strade di Madeira e sul palco d&#8217;arrivo.<\/p>\n","protected":false},"excerpt":{"rendered":"<p>Carcare. Una nona posizione assoluta maturata grazie ad una condotta aggressiva sull&#8217;asfalto delle ultime tre prove speciali. Manuel De Micheli ha confermato quelle che erano le aspettative della vigilia, riuscendo a ritagliarsi un ruolo di primo piano sui chilometri del Rali Vinho da Madeira, appuntamento portoghese valido per il Campionato Europeo Rally 2011 in scena [&hellip;]<\/p>\n","protected":false},"author":13744,"featured_media":0,"comment_status":"open","ping_status":"closed","sticky":false,"template":"","format":"standard","meta":{"footnotes":""},"categories":[32],"tags":[85852,17816,9953,35332,2982],"class_list":["post-181367","post","type-post","status-publish","format-standard","hentry","category-sport","tag-carcare","tag-daniele-michi","tag-manuel-de-micheli","tag-peugeot-207-super2000","tag-rally","post_cat_citta-carcare"],"amp_validity":null,"amp_enabled":true,"_links":{"self":[{"href":"https:\/\/staging.ivg.it\/ediapi\/wp\/v2\/posts\/181367","targetHints":{"allow":["GET"]}}],"collection":[{"href":"https:\/\/staging.ivg.it\/ediapi\/wp\/v2\/posts"}],"about":[{"href":"https:\/\/staging.ivg.it\/ediapi\/wp\/v2\/types\/post"}],"author":[{"embeddable":true,"href":"https:\/\/staging.ivg.it\/ediapi\/wp\/v2\/users\/13744"}],"replies":[{"embeddable":true,"href":"https:\/\/staging.ivg.it\/ediapi\/wp\/v2\/comments?post=181367"}],"version-history":[{"count":0,"href":"https:\/\/staging.ivg.it\/ediapi\/wp\/v2\/posts\/181367\/revisions"}],"wp:attachment":[{"href":"https:\/\/staging.ivg.it\/ediapi\/wp\/v2\/media?parent=181367"}],"wp:term":[{"taxonomy":"category","embeddable":true,"href":"https:\/\/staging.ivg.it\/ediapi\/wp\/v2\/categories?post=181367"},{"taxonomy":"post_tag","embeddable":true,"href":"https:\/\/staging.ivg.it\/ediapi\/wp\/v2\/tags?post=181367"}],"curies":[{"name":"wp","href":"https:\/\/api.w.org\/{rel}","templated":true}]}}