{"id":181228,"date":"2011-08-06T11:48:22","date_gmt":"2011-08-06T09:48:22","guid":{"rendered":"http:\/\/www.ivg.it\/?p=181228"},"modified":"2011-08-06T11:48:22","modified_gmt":"2011-08-06T09:48:22","slug":"accesso-wi-fi-a-savona-staff-del-sindaco-e-viabilita-di-villapiana-le-critiche-del-pcl","status":"publish","type":"post","link":"https:\/\/staging.ivg.it\/2011\/08\/accesso-wi-fi-a-savona-staff-del-sindaco-e-viabilita-di-villapiana-le-critiche-del-pcl\/","title":{"rendered":"Accesso wi-fi a Savona, staff del sindaco e viabilit\u00e0 di Villapiana: le critiche del Pcl"},"content":{"rendered":"<p><strong>Savona<\/strong>. L&#8217;accesso wi-fi gratuito, lo staff del sindaco e la viabilit\u00e0 di Villapiana. Su questi tre temi si esprime Simone Anselmo, coordinatore provinciale savonese del Pcl, criticando l&#8217;amministrazione comunale di Savona.<\/p>\n<p>&#8220;Il sindaco Berruti durante la campagna elettorale promise mille e pi\u00f9 cose &#8211; dichiara Anselmo -. Una di queste arriv\u00f2 a ruota rispetto al programma del Pcl che tra i vari punti aveva lo sviluppo della rete wi-fi. Il nostro sindaco promise, affiancato dalla consulta degli studenti, che nei primissimi mesi del suo nuovo mandato avrebbe, almeno in piazza Sisto IV, sistemato un&#8217;antenna per permettere l&#8217;accesso ad internet gratuito&#8221;.<\/p>\n<p>&#8220;Questo, come si \u00e8 saputo in questi giorni, \u00e8 palesemente fallito &#8211; sottolinea il coordinatore del Pcl -. Nessun antenna e quindi nessuna connessione gratuita&#8221;.<\/p>\n<p>&#8220;In questo periodo di tagli della politica considerata la grande crisi economica &#8211; prosegue Anselmo &#8211; il nostro sindaco invece ha deciso per uno staff con qualche ripescato (si veda l&#8217;ex assessore alla Cultura), superiore a quello del sindaco di Genova. Intanto vorremmo sapere anche come sono stati assunti questi nuovi e numerosi elementi, in quanto il contratto del pubblico impiego parla di concorsi e noi non ne abbiamo visto. Anzi, un concorso si doveva fare, quello per un addetto stampa, ma stranamente quando si \u00e8 visto il numero elevato di concorrenti si \u00e8 deciso di bloccarlo&#8221;.<\/p>\n<p>&#8220;Per ultimo vogliamo solo sottolineare una cosa &#8211; conclude -: ma la viabilit\u00e0 di Villapiana non era perfetta cos\u00ec? Al Ministero, dove hanno bocciato la sua viabilit\u00e0 chiedendo varie modifiche, ci sar\u00e0 mica qualche giovane rivoluzionario del Pcl, caro sindaco?&#8221;.<\/p>\n","protected":false},"excerpt":{"rendered":"<p>Savona. L&#8217;accesso wi-fi gratuito, lo staff del sindaco e la viabilit\u00e0 di Villapiana. Su questi tre temi si esprime Simone Anselmo, coordinatore provinciale savonese del Pcl, criticando l&#8217;amministrazione comunale di Savona. &#8220;Il sindaco Berruti durante la campagna elettorale promise mille e pi\u00f9 cose &#8211; dichiara Anselmo -. Una di queste arriv\u00f2 a ruota rispetto al [&hellip;]<\/p>\n","protected":false},"author":13744,"featured_media":0,"comment_status":"open","ping_status":"closed","sticky":false,"template":"","format":"standard","meta":{"footnotes":""},"categories":[31],"tags":[1222,85850,3691,108,7512],"class_list":["post-181228","post","type-post","status-publish","format-standard","hentry","category-politica","tag-pcl","tag-savona","tag-simone-anselmo","tag-viabilita","tag-wi-fi","post_cat_citta-savona"],"amp_validity":null,"amp_enabled":true,"_links":{"self":[{"href":"https:\/\/staging.ivg.it\/ediapi\/wp\/v2\/posts\/181228","targetHints":{"allow":["GET"]}}],"collection":[{"href":"https:\/\/staging.ivg.it\/ediapi\/wp\/v2\/posts"}],"about":[{"href":"https:\/\/staging.ivg.it\/ediapi\/wp\/v2\/types\/post"}],"author":[{"embeddable":true,"href":"https:\/\/staging.ivg.it\/ediapi\/wp\/v2\/users\/13744"}],"replies":[{"embeddable":true,"href":"https:\/\/staging.ivg.it\/ediapi\/wp\/v2\/comments?post=181228"}],"version-history":[{"count":0,"href":"https:\/\/staging.ivg.it\/ediapi\/wp\/v2\/posts\/181228\/revisions"}],"wp:attachment":[{"href":"https:\/\/staging.ivg.it\/ediapi\/wp\/v2\/media?parent=181228"}],"wp:term":[{"taxonomy":"category","embeddable":true,"href":"https:\/\/staging.ivg.it\/ediapi\/wp\/v2\/categories?post=181228"},{"taxonomy":"post_tag","embeddable":true,"href":"https:\/\/staging.ivg.it\/ediapi\/wp\/v2\/tags?post=181228"}],"curies":[{"name":"wp","href":"https:\/\/api.w.org\/{rel}","templated":true}]}}