{"id":180701,"date":"2011-08-04T14:33:19","date_gmt":"2011-08-04T12:33:19","guid":{"rendered":"http:\/\/www.ivg.it\/?p=180701"},"modified":"2011-08-04T14:33:19","modified_gmt":"2011-08-04T12:33:19","slug":"danni-per-il-maltempo-vaccarezza-la-provincia-si-e-fatta-carico-di-situazioni-gravi","status":"publish","type":"post","link":"https:\/\/staging.ivg.it\/2011\/08\/danni-per-il-maltempo-vaccarezza-la-provincia-si-e-fatta-carico-di-situazioni-gravi\/","title":{"rendered":"Danni per il maltempo, Vaccarezza: &#8220;La Provincia si \u00e8 fatta carico di situazioni gravi&#8221;"},"content":{"rendered":"<p><strong>Varazze<\/strong>. Ieri, mercoled\u00ec 3 agosto, il presidente della Provincia di Savona Angelo Vaccarezza si \u00e8 recato a Varazze insieme al presidente della Regione Liguria Claudio Burlando e all\u2019assessore regionale all\u2019Ambiente Renata Briano in occasione della visita del nuovo capo della Protezione civile Franco Gabrielli.<\/p>\n<p>L&#8217;incontro si \u00e8 reso necessario per fare il punto sulla situazione dei lavori di ricostruzione di alcune frazioni varazzine che vennero colpite dall&#8217;alluvione del 4 ottobre 2010 provocando danni per milioni di euro.<\/p>\n<p>L&#8217;attenzione si \u00e8 concentrata in particolare nella frazione di Casanova che ha subito i maggiori danni con l\u2019affossamento della viabilit\u00e0 provinciale ed il crollo di due edifici. Gabrielli ha assicurato che la Liguria avr\u00e0 presto la seconda tranche dei fondi necessari per rimettere in sicurezza il territorio e per risarcire i danni subiti dai cittadini.<\/p>\n<p>\u201cSono soddisfatto dell&#8217;incontro avvenuto &#8211; ha dichiarato Vaccarezza -, perch\u00e9 sono arrivate, anche dal presidente Burlando, le rassicurazioni che stavamo aspettando relative l&#8217;arrivo dei fondi. La Provincia ha fatto tutto ci\u00f2 che doveva per il territorio colpito dall&#8217;alluvione di ottobre, si \u00e8 attivata immediatamente con interventi di somma urgenza pagati con fondi propri che, ad oggi, siamo in attesa di veder rimborsati. Abbiamo fatto tutto ci\u00f2 che era possibile anche per pianificare la progettazione dei lavori necessari, attraverso valutazioni continue e studi sul territorio, per far s\u00ec che nel momento in cui la Regione dar\u00e0 i fondi alla Provincia i lavori potranno essere eseguiti in tempi brevissimi&#8221;.<\/p>\n<p>&#8220;Abbiamo avuto rassicurazioni &#8211; ha spiegato &#8211; non solo sui fondi per l\u2019alluvione di Varazze, ma anche sui 4 milioni e mezzo necessari per portare in sicurezza Murialdo, dove la situazione \u00e8 purtroppo ancora difficile. Molto \u00e8 stato fatto, molto resta ancora da fare perch\u00e8 i lavori effettuati dalla Provincia, seppur importanti, sono comunque a carattere provvisorio. Abbiamo quindi l&#8217;esigenza di avere al pi\u00f9 presto a disposizione questi finanziamenti, anche in due tranche: la prima nell&#8217;immediato di due milioni di euro e la seconda entro il 2012 di altri due milioni e mezzo, per consentirci di avviare la prima fase di progettazione dei lavori e quindi la successiva di attuazione&#8221;.<\/p>\n<p>&#8220;Voglio per\u00f2 ricordare &#8211; ha proseguito Vaccarezza &#8211; che ci sono altre situazioni ancora molto gravi nel nostro entroterra e del quale la Provincia si \u00e8 fatta completamente carico, citiamo Villanova come esempio. Chiediamo quindi fondi per queste realt\u00e0 in difficolt\u00e0, come ad esempio Urbe, comune che subito danni ingenti che non possono essere lasciati esclusivamente sulle spalle della Provincia o della collettivit\u00e0 di Urbe. Mi sono confrontato proprio in questi giorni con il sindaco Ramorino che mi ha spiegato che i danni per il loro comune ammontano a quasi un milione di euro e che ci sono situazioni di seria emergenza come quella del depuratore di San Pietro, letteralmente spazzato via dall&#8217;alluvione, dove \u00e8 necessario intervenire al pi\u00f9 presto&#8221;.<\/p>\n<p>&#8220;Adesso che i fondi stanno per arrivare &#8211; ha concluso -, desidero ringraziare il Governo che, in un momento di crisi economica come quello che stiamo vivendo, ha fatto il possibile per farci pervenire 100 milioni di euro, un importante stanziamento che permetter\u00e0 alla nostra regione di tornare alla normalit\u00e0&#8221;.<\/p>\n","protected":false},"excerpt":{"rendered":"<p>Varazze. Ieri, mercoled\u00ec 3 agosto, il presidente della Provincia di Savona Angelo Vaccarezza si \u00e8 recato a Varazze insieme al presidente della Regione Liguria Claudio Burlando e all\u2019assessore regionale all\u2019Ambiente Renata Briano in occasione della visita del nuovo capo della Protezione civile Franco Gabrielli. L&#8217;incontro si \u00e8 reso necessario per fare il punto sulla situazione [&hellip;]<\/p>\n","protected":false},"author":13744,"featured_media":0,"comment_status":"open","ping_status":"closed","sticky":false,"template":"","format":"standard","meta":{"footnotes":""},"categories":[],"tags":[2317,3294,651,375],"class_list":["post-180701","post","type-post","status-publish","format-standard","hentry","tag-angelo-vaccarezza","tag-danni","tag-maltempo","tag-provincia","post_cat_citta-murialdo","post_cat_citta-urbe","post_cat_citta-varazze","post_cat_citta-villanova-dalbenga"],"amp_validity":null,"amp_enabled":true,"_links":{"self":[{"href":"https:\/\/staging.ivg.it\/ediapi\/wp\/v2\/posts\/180701","targetHints":{"allow":["GET"]}}],"collection":[{"href":"https:\/\/staging.ivg.it\/ediapi\/wp\/v2\/posts"}],"about":[{"href":"https:\/\/staging.ivg.it\/ediapi\/wp\/v2\/types\/post"}],"author":[{"embeddable":true,"href":"https:\/\/staging.ivg.it\/ediapi\/wp\/v2\/users\/13744"}],"replies":[{"embeddable":true,"href":"https:\/\/staging.ivg.it\/ediapi\/wp\/v2\/comments?post=180701"}],"version-history":[{"count":0,"href":"https:\/\/staging.ivg.it\/ediapi\/wp\/v2\/posts\/180701\/revisions"}],"wp:attachment":[{"href":"https:\/\/staging.ivg.it\/ediapi\/wp\/v2\/media?parent=180701"}],"wp:term":[{"taxonomy":"category","embeddable":true,"href":"https:\/\/staging.ivg.it\/ediapi\/wp\/v2\/categories?post=180701"},{"taxonomy":"post_tag","embeddable":true,"href":"https:\/\/staging.ivg.it\/ediapi\/wp\/v2\/tags?post=180701"}],"curies":[{"name":"wp","href":"https:\/\/api.w.org\/{rel}","templated":true}]}}