{"id":180689,"date":"2011-08-04T14:24:45","date_gmt":"2011-08-04T12:24:45","guid":{"rendered":"http:\/\/www.ivg.it\/?p=180689"},"modified":"2011-08-04T16:53:38","modified_gmt":"2011-08-04T14:53:38","slug":"nuova-querela-per-melgrati-sansa-e-preve-dovrebbero-accettare-le-critiche-come-fanno-i-politici","status":"publish","type":"post","link":"https:\/\/staging.ivg.it\/2011\/08\/nuova-querela-per-melgrati-sansa-e-preve-dovrebbero-accettare-le-critiche-come-fanno-i-politici\/","title":{"rendered":"Nuova querela per Melgrati: \u201cSansa e Preve dovrebbero accettare le critiche come fanno i politici\u201d"},"content":{"rendered":"<p><strong>Alassio<\/strong>. Aggiunge la querela numero venti all&#8217;insolita collezione, sempre che i tornino i conti, questa volta per diffamazione. Marco Melgrati, consigliere regionale e provinciale, \u00e8 ora nel mirino, non solo giornalistico, di Adriano Sansa e Marco Preve che consegnano alla battaglia legale il confronto di petto con il politico alassino del Pdl. &#8220;Mi \u00e8 stata notificata una querela per diffamazione avanzata da Sansa e Preve perch\u00e9 avrei detto che su Primocanale sono state divulgate &#8216;castronerie&#8217; &#8211; spiega Melgrati &#8211; Mi sembra il minimo. &#8216;Castronerie&#8217; non \u00e8 un insulto n\u00e9 una parola volgare. Sul loro libro, &#8216;Il partito del cemento&#8217;, mi hanno dedicato un capitolo per il quale avrei dovuto denunciarli per diffamazione&#8221;. <\/p>\n<p>L&#8217;inchiesta dei due giornalisti (Preve scrive per Repubblica, Sansa \u00e8 approdato a Il Fatto), descritta nell&#8217;instant book dedicato alla speculazione edilizia, additava Melgrati come responsabile della supercementificazione alassina. &#8220;Li avrei dovuti denunciare io per diffamazione &#8211; insiste l&#8217;ex sindaco della citt\u00e0 del muretto &#8211; Oppure dovrei dare loro un premio perch\u00e9 mi hanno fatto una sconvolgente pubblicit\u00e0, visto che sono entrato in consiglio regionale come primo degli eletti della provincia di Savona per il Pdl. Noi accettiamo dai giornalisti le critiche senza fare querela. In questo caso il loro atteggiamento ha dell&#8217;incredibile, in quanto dimostra una scarsa propensione ad accettare le osservazioni del politico quando loro sono i primi a criticare in maniera anche pesante&#8221;. <\/p>\n","protected":false},"excerpt":{"rendered":"<p>Alassio. Aggiunge la querela numero venti all&#8217;insolita collezione, sempre che i tornino i conti, questa volta per diffamazione. Marco Melgrati, consigliere regionale e provinciale, \u00e8 ora nel mirino, non solo giornalistico, di Adriano Sansa e Marco Preve che consegnano alla battaglia legale il confronto di petto con il politico alassino del Pdl. &#8220;Mi \u00e8 stata [&hellip;]<\/p>\n","protected":false},"author":13744,"featured_media":0,"comment_status":"open","ping_status":"closed","sticky":false,"template":"","format":"standard","meta":{"footnotes":""},"categories":[34,31],"tags":[85824,1398,2328,4745,295,85850],"class_list":["post-180689","post","type-post","status-publish","format-standard","hentry","category-cronaca","category-politica","tag-alassio","tag-edilizia","tag-marco-melgrati","tag-marco-preve","tag-regione","tag-savona","post_cat_citta-alassio","post_cat_citta-andora","post_cat_citta-savona"],"amp_validity":null,"amp_enabled":true,"_links":{"self":[{"href":"https:\/\/staging.ivg.it\/ediapi\/wp\/v2\/posts\/180689","targetHints":{"allow":["GET"]}}],"collection":[{"href":"https:\/\/staging.ivg.it\/ediapi\/wp\/v2\/posts"}],"about":[{"href":"https:\/\/staging.ivg.it\/ediapi\/wp\/v2\/types\/post"}],"author":[{"embeddable":true,"href":"https:\/\/staging.ivg.it\/ediapi\/wp\/v2\/users\/13744"}],"replies":[{"embeddable":true,"href":"https:\/\/staging.ivg.it\/ediapi\/wp\/v2\/comments?post=180689"}],"version-history":[{"count":0,"href":"https:\/\/staging.ivg.it\/ediapi\/wp\/v2\/posts\/180689\/revisions"}],"wp:attachment":[{"href":"https:\/\/staging.ivg.it\/ediapi\/wp\/v2\/media?parent=180689"}],"wp:term":[{"taxonomy":"category","embeddable":true,"href":"https:\/\/staging.ivg.it\/ediapi\/wp\/v2\/categories?post=180689"},{"taxonomy":"post_tag","embeddable":true,"href":"https:\/\/staging.ivg.it\/ediapi\/wp\/v2\/tags?post=180689"}],"curies":[{"name":"wp","href":"https:\/\/api.w.org\/{rel}","templated":true}]}}