{"id":179379,"date":"2011-07-29T19:00:27","date_gmt":"2011-07-29T17:00:27","guid":{"rendered":"http:\/\/www.ivg.it\/?p=179379"},"modified":"2011-07-30T14:52:31","modified_gmt":"2011-07-30T12:52:31","slug":"nuovo-carcere-il-commissario-ionta-non-a-savona-idea-impraticabile-ma-a-cairo","status":"publish","type":"post","link":"https:\/\/staging.ivg.it\/2011\/07\/nuovo-carcere-il-commissario-ionta-non-a-savona-idea-impraticabile-ma-a-cairo\/","title":{"rendered":"Nuovo carcere, il commissario Ionta: \u201cNon a Savona, idea impraticabile, ma a Cairo\u201d"},"content":{"rendered":"<p><strong>Cairo Montenotte<\/strong>. Tramonta definitivamente l&#8217;idea di un nuovo carcere a Savona. A mettere la pietra tombale \u00e8 stato oggi il commissario straordinario per le carceri, Franco Ionta, a margine del giuramento degli agenti della scuola penitenziaria di Cairo. &#8220;La procedura messa in campo per il nuovo carcere a Savona deve essere abbandonata &#8211; ha detto a chiare lettere Ionta &#8211; E&#8217; molto difficile da proseguire. Bisogna localizzare la costruzione del nuovo istituto altrove, sicuramente e fattivamente, perch\u00e9 l&#8217;attuale Sant&#8217;Agostino non \u00e8 idoneo per la dignit\u00e0 dei detenuti e degli operatori di polizia penitenziaria che vi lavorano&#8221;.<\/p>\n<p>Dopo anni di impegni e voci sulla nuova casa circondariale che avrebbe dovuto sorgere a Passeggi nell&#8217;area di Savona, il capo dell&#8217;amministrazione penitenziaria dichiara il capolinea dell&#8217;idea progettuale. La localit\u00e0, invece, \u00e8 quella cairese. &#8220;Il Sant&#8217;Agostino deve essere al pi\u00f9 presto sostituito con un&#8217;altra struttura. C&#8217;\u00e8 la proposta del sindaco di Cairo che viene tenuta in perfetta considerazione. I tecnici stanno valutando pro e controindicazioni delle aree di Cairo Montenotte segnalate, stanno svolgendo una valutazione sulla loro funzionalit\u00e0&#8221;.<\/p>\n<p>Le aree valbormidesi sulle quali potrebbe essere edificato il nuovo istituto penitenziario sono quelle di Ferrania, in particolare si ipotizza una zona di 10 ettari in localit\u00e0 La Marcella. Il commissario Ionta non si sbilancia: &#8220;Non entro nello specifico della zona in quanto, ripeto, i tecnici stanno ancora valutando e non voglio creare aspettative. E&#8217; certa la necessit\u00e0 di fare un nuovo carcere che sostituisca il Sant&#8217;Agostino&#8221;.<\/p>\n<p>Il commissario Ionta ha pi\u00f9 volte sottolineato l&#8217;importanza della scuola di formazione della polizia penitenziaria a Cairo: &#8220;Qui gli agenti fanno scelte di vita e noi ne abbiamo bisogno. Quella cairese \u00e8 una scuola prestigiosa, di lunga tradizione, e non abbiamo alcuna intenzione di chiuderla nonostante i problemi di bilancio nella gestione del sistema carcerario&#8221;.<\/p>\n","protected":false},"excerpt":{"rendered":"<p>Cairo Montenotte. Tramonta definitivamente l&#8217;idea di un nuovo carcere a Savona. A mettere la pietra tombale \u00e8 stato oggi il commissario straordinario per le carceri, Franco Ionta, a margine del giuramento degli agenti della scuola penitenziaria di Cairo. &#8220;La procedura messa in campo per il nuovo carcere a Savona deve essere abbandonata &#8211; ha detto [&hellip;]<\/p>\n","protected":false},"author":13744,"featured_media":0,"comment_status":"open","ping_status":"closed","sticky":false,"template":"","format":"standard","meta":{"footnotes":""},"categories":[34,31],"tags":[85987,2394,2662,85850],"class_list":["post-179379","post","type-post","status-publish","format-standard","hentry","category-cronaca","category-politica","tag-cairo-montenotte","tag-carcere","tag-santagostino","tag-savona","post_cat_citta-cairo-montenotte","post_cat_citta-savona"],"amp_validity":null,"amp_enabled":true,"_links":{"self":[{"href":"https:\/\/staging.ivg.it\/ediapi\/wp\/v2\/posts\/179379","targetHints":{"allow":["GET"]}}],"collection":[{"href":"https:\/\/staging.ivg.it\/ediapi\/wp\/v2\/posts"}],"about":[{"href":"https:\/\/staging.ivg.it\/ediapi\/wp\/v2\/types\/post"}],"author":[{"embeddable":true,"href":"https:\/\/staging.ivg.it\/ediapi\/wp\/v2\/users\/13744"}],"replies":[{"embeddable":true,"href":"https:\/\/staging.ivg.it\/ediapi\/wp\/v2\/comments?post=179379"}],"version-history":[{"count":0,"href":"https:\/\/staging.ivg.it\/ediapi\/wp\/v2\/posts\/179379\/revisions"}],"wp:attachment":[{"href":"https:\/\/staging.ivg.it\/ediapi\/wp\/v2\/media?parent=179379"}],"wp:term":[{"taxonomy":"category","embeddable":true,"href":"https:\/\/staging.ivg.it\/ediapi\/wp\/v2\/categories?post=179379"},{"taxonomy":"post_tag","embeddable":true,"href":"https:\/\/staging.ivg.it\/ediapi\/wp\/v2\/tags?post=179379"}],"curies":[{"name":"wp","href":"https:\/\/api.w.org\/{rel}","templated":true}]}}