{"id":178618,"date":"2011-07-27T13:35:05","date_gmt":"2011-07-27T11:35:05","guid":{"rendered":"http:\/\/www.ivg.it\/?p=178618"},"modified":"2011-07-27T18:41:40","modified_gmt":"2011-07-27T16:41:40","slug":"stazione-di-cairo-montenotte-vesco-aprira-un-edicola-e-sara-rifatta-la-sala-daspetto","status":"publish","type":"post","link":"https:\/\/staging.ivg.it\/2011\/07\/stazione-di-cairo-montenotte-vesco-aprira-un-edicola-e-sara-rifatta-la-sala-daspetto\/","title":{"rendered":"Stazione di Cairo Montenotte, Vesco: \u201cAprir\u00e0 un\u2019edicola e sar\u00e0 rifatta la sala d\u2019aspetto\u201d"},"content":{"rendered":"<p><strong>Cairo M.<\/strong> Una sala d&#8217;aspetto che verr\u00e0 presto rinnovata e l&#8217;apertura, accanto al bar, di un&#8217;edicola che contribuir\u00e0 a garantire una maggiore vivibilit\u00e0 di una stazione considerata da alcuni a rischio sicurezza e degrado.<\/p>\n<p>Cairo, stazione San Giuseppe, sopralluogo dell&#8217;assessore regionale ai Trasporti, Enrico Vesco, insieme ai responsabili regionali di Rfi e Trenitalia e al sindaco Fulvio Briano. Una visita, questa, che segue le proteste di molti cittadini e dell&#8217;associazione &#8220;Intrabormida&#8221; che, da tempo, denuncia episodi di vandalismo e una situazione di degrado per i quali si chiedono soluzioni rapide.<\/p>\n<p>&#8220;L&#8217;obiettivo \u00e8 quello di garantire una maggiore vivibilit\u00e0 di questo luogo &#8211; ha esordito Vesco &#8211; I lavori di adeguamento della sala d&#8217;attesa sono gi\u00e0 stati appaltati e entro settembre sar\u00e0 completato il restyling. La novit\u00e0, \u00e8 che il gestore del bar si \u00e8 reso disponibile ad affittare i locali adiacenti alla sala d&#8217;aspetto per aprire un&#8217;edicola e rendere cos\u00ec pi\u00f9 viva la stazione. Io non parlerei di degrado: semmai di una percezione di insicurezza cui si deve dare una giusta risposta. Abbiamo infatti chiesto a Rfi di installare qui alcune telecamere, che non sono certo la soluzione del problema, ma possono rappresentare un deterrente per i malintenzionati&#8221;.<\/p>\n","protected":false},"excerpt":{"rendered":"<p>Cairo M. Una sala d&#8217;aspetto che verr\u00e0 presto rinnovata e l&#8217;apertura, accanto al bar, di un&#8217;edicola che contribuir\u00e0 a garantire una maggiore vivibilit\u00e0 di una stazione considerata da alcuni a rischio sicurezza e degrado. Cairo, stazione San Giuseppe, sopralluogo dell&#8217;assessore regionale ai Trasporti, Enrico Vesco, insieme ai responsabili regionali di Rfi e Trenitalia e al [&hellip;]<\/p>\n","protected":false},"author":13744,"featured_media":0,"comment_status":"open","ping_status":"closed","sticky":false,"template":"","format":"standard","meta":{"footnotes":""},"categories":[31],"tags":[85987,907,2422,493],"class_list":["post-178618","post","type-post","status-publish","format-standard","hentry","category-politica","tag-cairo-montenotte","tag-enrico-vesco","tag-stazione","tag-trenitalia","post_cat_citta-cairo-montenotte"],"amp_validity":null,"amp_enabled":true,"_links":{"self":[{"href":"https:\/\/staging.ivg.it\/ediapi\/wp\/v2\/posts\/178618","targetHints":{"allow":["GET"]}}],"collection":[{"href":"https:\/\/staging.ivg.it\/ediapi\/wp\/v2\/posts"}],"about":[{"href":"https:\/\/staging.ivg.it\/ediapi\/wp\/v2\/types\/post"}],"author":[{"embeddable":true,"href":"https:\/\/staging.ivg.it\/ediapi\/wp\/v2\/users\/13744"}],"replies":[{"embeddable":true,"href":"https:\/\/staging.ivg.it\/ediapi\/wp\/v2\/comments?post=178618"}],"version-history":[{"count":0,"href":"https:\/\/staging.ivg.it\/ediapi\/wp\/v2\/posts\/178618\/revisions"}],"wp:attachment":[{"href":"https:\/\/staging.ivg.it\/ediapi\/wp\/v2\/media?parent=178618"}],"wp:term":[{"taxonomy":"category","embeddable":true,"href":"https:\/\/staging.ivg.it\/ediapi\/wp\/v2\/categories?post=178618"},{"taxonomy":"post_tag","embeddable":true,"href":"https:\/\/staging.ivg.it\/ediapi\/wp\/v2\/tags?post=178618"}],"curies":[{"name":"wp","href":"https:\/\/api.w.org\/{rel}","templated":true}]}}