{"id":178603,"date":"2011-07-27T12:52:15","date_gmt":"2011-07-27T10:52:15","guid":{"rendered":"http:\/\/www.ivg.it\/?p=178603"},"modified":"2011-07-27T17:31:47","modified_gmt":"2011-07-27T15:31:47","slug":"burlando-primo-governatore-ligure-in-visita-ad-osiglia-scarzella-per-noi-momento-storico","status":"publish","type":"post","link":"https:\/\/staging.ivg.it\/2011\/07\/burlando-primo-governatore-ligure-in-visita-ad-osiglia-scarzella-per-noi-momento-storico\/","title":{"rendered":"Burlando, primo governatore ligure in visita ad Osiglia. Scarzella: \u201cPer noi momento storico\u201d"},"content":{"rendered":"<p><strong>Osiglia.<\/strong> Qualche mese fa, proprio da Osiglia, il presidente della Liguria, Claudio Burlando, aveva ricevuto una bella tirata d&#8217;orecchie. Era una situazione particolare, in cui il paesino della Val Bormida si era trovato improvvisamente a gestire l&#8217;emergenza profughi e si era sentito abbandonato dalle istituzioni. &#8220;Il governatore ligure \u00e8 sempre in giro per citt\u00e0 e paesi, ma non \u00e8 stato qui nemmeno una volta&#8221;, aveva tuonato il sindaco Paola Scarzella.<\/p>\n<p>Detto fatto: da &#8220;grande assente&#8221; Burlando \u00e8 diventato in poche settimane il primo presidente della Liguria in visita qui. &#8220;E&#8217; un momento storico per Osiglia &#8211; ha esordito il primo cittadino, la cui protesta ha evidentemente dato i suoi frutti &#8211; Burlando ha mostrato grande interesse per la nostra comunit\u00e0 ed \u00e8 rimasto colpito del nostro lago e dalle potenzialit\u00e0 turistiche e sportive ad esso connesse&#8221;.<\/p>\n<p>&#8220;Desideravo da tempo conoscere questa realt\u00e0 &#8211; ha dichiarato il governatore ligure &#8211; Inoltre, sono venuto nel momento giusto ossia nelle settimane in cui si sta definendo l&#8217;intesa con Tirreno Power che gestisce anche il lago dal punto di vista energetico e della conservazione. Credo che potremo cogliere interessanti spunti dall&#8217;amministrazione comunale per inserire alcune clausole nell&#8217;accordo che andremo ad approvare a settembre. Ho trovato un sindaco molto sensibile alle tematiche ambientali e di sviluppo: la richiesta, che accogliamo, \u00e8 quella di garantire una maggiore visibilit\u00e0 e, dunque, un&#8217;opportunit\u00e0 di crescita per questa comunit\u00e0&#8221;.<\/p>\n","protected":false},"excerpt":{"rendered":"<p>Osiglia. Qualche mese fa, proprio da Osiglia, il presidente della Liguria, Claudio Burlando, aveva ricevuto una bella tirata d&#8217;orecchie. Era una situazione particolare, in cui il paesino della Val Bormida si era trovato improvvisamente a gestire l&#8217;emergenza profughi e si era sentito abbandonato dalle istituzioni. &#8220;Il governatore ligure \u00e8 sempre in giro per citt\u00e0 e [&hellip;]<\/p>\n","protected":false},"author":2620,"featured_media":0,"comment_status":"open","ping_status":"closed","sticky":false,"template":"","format":"standard","meta":{"footnotes":""},"categories":[31],"tags":[284,85935,19418],"class_list":["post-178603","post","type-post","status-publish","format-standard","hentry","category-politica","tag-claudio-burlando","tag-osiglia","tag-paola-scarzella","post_cat_citta-osiglia"],"amp_validity":null,"amp_enabled":true,"_links":{"self":[{"href":"https:\/\/staging.ivg.it\/ediapi\/wp\/v2\/posts\/178603","targetHints":{"allow":["GET"]}}],"collection":[{"href":"https:\/\/staging.ivg.it\/ediapi\/wp\/v2\/posts"}],"about":[{"href":"https:\/\/staging.ivg.it\/ediapi\/wp\/v2\/types\/post"}],"author":[{"embeddable":true,"href":"https:\/\/staging.ivg.it\/ediapi\/wp\/v2\/users\/2620"}],"replies":[{"embeddable":true,"href":"https:\/\/staging.ivg.it\/ediapi\/wp\/v2\/comments?post=178603"}],"version-history":[{"count":0,"href":"https:\/\/staging.ivg.it\/ediapi\/wp\/v2\/posts\/178603\/revisions"}],"wp:attachment":[{"href":"https:\/\/staging.ivg.it\/ediapi\/wp\/v2\/media?parent=178603"}],"wp:term":[{"taxonomy":"category","embeddable":true,"href":"https:\/\/staging.ivg.it\/ediapi\/wp\/v2\/categories?post=178603"},{"taxonomy":"post_tag","embeddable":true,"href":"https:\/\/staging.ivg.it\/ediapi\/wp\/v2\/tags?post=178603"}],"curies":[{"name":"wp","href":"https:\/\/api.w.org\/{rel}","templated":true}]}}