{"id":178598,"date":"2011-07-27T12:44:03","date_gmt":"2011-07-27T10:44:03","guid":{"rendered":"http:\/\/www.ivg.it\/?p=178598"},"modified":"2011-07-27T17:02:19","modified_gmt":"2011-07-27T15:02:19","slug":"cairo-strappo-su-ferrania-solis-i-sindacati-proclamano-sciopero","status":"publish","type":"post","link":"https:\/\/staging.ivg.it\/2011\/07\/cairo-strappo-su-ferrania-solis-i-sindacati-proclamano-sciopero\/","title":{"rendered":"Cairo, strappo su Ferrania Solis: i sindacati proclamano sciopero"},"content":{"rendered":"<p><strong>Cairo Montenotte<\/strong>. La corda \u00e8 tesa da tempo e domani l&#8217;impazienza sindacale si trasformer\u00e0 in sciopero. Continua il braccio di ferro fra lavoratori e gruppo Messina sulla situazione occupazionale di Ferrania: sulla divisione Solis le trattative si sono rotte. I sindacati contestano alla propriet\u00e0 il mancato rispetto degli accordi stipulati nel 2009 sul transito di 16 dipendenti di Ferrania Technologies al reparto che si occupa di produzioni fotovoltaiche. Gli operai, attualmente in mobilit\u00e0, dovevano prendere servizio in Solis, ma la dirigenza societaria, secondo le rappresentanze sindacali, nega l&#8217;inquadramento economico sottoscritto due anni fa. <\/p>\n<p>Domani, gioved\u00ec 28 luglio, i lavoratori incroceranno le braccia per 4 ore, mentre dalle 13 alle 15 \u00e8 convocata l&#8217;assemblea per fare il punto sui rapporti con la propriet\u00e0. &#8220;Ferrania Solis d\u00e0 disponibilit\u00e0 a far entrare i lavoratori da Technologies, ma poi rigetta i termini economici concordati &#8211; protesta Fulvio Berruti della Cgil &#8211; L&#8217;azienda non \u00e8 credibile e fornisce ancora una volta una prova di prepotenza nei confronti dei lavoratori. Dopo aver disatteso per anni i piani di impresa e usato condizioni ricattatorie, adesso tradisce ancora una volta gli impegni presi&#8221;. <\/p>\n<p>Il disappunto \u00e8 sempre, come rivelato nei giorni scorsi, per l&#8217;iniziativa di Ferrania Ecologia sul progetto di impianto per il trattamento dei rifiuti biodegradabili, che avrebbe, secondo le organizzazioni sindacali, distratto le attenzioni dall&#8217;accordo di programma recentemente aggiornato. &#8220;Anche le istituzioni facciano una riflessione seria, visto che appoggiano iniziative dove Ferrania \u00e8 capofila senza considerare le circostanze dei lavoratori, ma dando solo considerazione ai vantaggi dell&#8217;azienda&#8221;. <\/p>\n","protected":false},"excerpt":{"rendered":"<p>Cairo Montenotte. La corda \u00e8 tesa da tempo e domani l&#8217;impazienza sindacale si trasformer\u00e0 in sciopero. Continua il braccio di ferro fra lavoratori e gruppo Messina sulla situazione occupazionale di Ferrania: sulla divisione Solis le trattative si sono rotte. I sindacati contestano alla propriet\u00e0 il mancato rispetto degli accordi stipulati nel 2009 sul transito di [&hellip;]<\/p>\n","protected":false},"author":13744,"featured_media":0,"comment_status":"open","ping_status":"closed","sticky":false,"template":"","format":"standard","meta":{"footnotes":""},"categories":[35],"tags":[151,85992,15280,892],"class_list":["post-178598","post","type-post","status-publish","format-standard","hentry","category-economia","tag-cairo","tag-ferrania","tag-ferrania-solis","tag-fotovoltaico","post_cat_citta-cairo-montenotte"],"amp_validity":null,"amp_enabled":true,"_links":{"self":[{"href":"https:\/\/staging.ivg.it\/ediapi\/wp\/v2\/posts\/178598","targetHints":{"allow":["GET"]}}],"collection":[{"href":"https:\/\/staging.ivg.it\/ediapi\/wp\/v2\/posts"}],"about":[{"href":"https:\/\/staging.ivg.it\/ediapi\/wp\/v2\/types\/post"}],"author":[{"embeddable":true,"href":"https:\/\/staging.ivg.it\/ediapi\/wp\/v2\/users\/13744"}],"replies":[{"embeddable":true,"href":"https:\/\/staging.ivg.it\/ediapi\/wp\/v2\/comments?post=178598"}],"version-history":[{"count":0,"href":"https:\/\/staging.ivg.it\/ediapi\/wp\/v2\/posts\/178598\/revisions"}],"wp:attachment":[{"href":"https:\/\/staging.ivg.it\/ediapi\/wp\/v2\/media?parent=178598"}],"wp:term":[{"taxonomy":"category","embeddable":true,"href":"https:\/\/staging.ivg.it\/ediapi\/wp\/v2\/categories?post=178598"},{"taxonomy":"post_tag","embeddable":true,"href":"https:\/\/staging.ivg.it\/ediapi\/wp\/v2\/tags?post=178598"}],"curies":[{"name":"wp","href":"https:\/\/api.w.org\/{rel}","templated":true}]}}