{"id":178420,"date":"2011-07-26T15:44:53","date_gmt":"2011-07-26T13:44:53","guid":{"rendered":"http:\/\/www.ivg.it\/?p=178420"},"modified":"2011-07-26T17:27:53","modified_gmt":"2011-07-26T15:27:53","slug":"savona-fbc-vittoria-per-6-a-0-in-amichevole-ilio-semino-note-molto-positive","status":"publish","type":"post","link":"https:\/\/staging.ivg.it\/2011\/07\/savona-fbc-vittoria-per-6-a-0-in-amichevole-ilio-semino-note-molto-positive\/","title":{"rendered":"Savona Fbc, vittoria per 6 a 0 in amichevole. Ilio Semino: \u201cNote molto positive\u201d"},"content":{"rendered":"<p><strong>Savona<\/strong>. Seduta mattutina per il Savona agli ordini di Corda, quest&#8217;oggi, poi mezza giornata di riposo. Hanno abbandonato il ritiro Salerno, Vezzani e Patti per scelta tecnica. Si sono aggregati invece al gruppo Sciany Azzolina, portiere classe 1991 dall&#8217;Insubria, e Riccardo Gagliolo. Da domani in prova un altro numero 1 classe 1991: Filippo Teseo.<\/p>\n<p>Gioved\u00ec \u00e8 prevista un&#8217;amichevole contro il Pinerolo a Cantalupa, domenica un triangolare a Mondov\u00ec con fischio d&#8217;inizio alle ore 17 per il primo match: Savona &#8211; Cuneo. Tutti i commenti in casa savonese dopo questi primi giorni di ritiro sono estremamente positivi: la squadra sta prendendo forma e carattere.<\/p>\n<p>La notizia di oggi \u00e8 l&#8217;invio della domanda di ripescaggio in Prima Divisione. Le speranze non sono molte, ma ad accrescerle c&#8217;\u00e8 la vicenda calcioscommesse: pare molto probabile la retrocessione dell&#8217;Alessandria in Seconda Divisione, con il risultato di liberare un ulteriore posto nella categoria superiore.<\/p>\n<p>Ilio Semino, il responsabile relazioni esterne della societ\u00e0, ieri ha trascorso la giornata con i biancoblu. &#8220;Chi non prova ad avventurarsi a Cantalupa &#8211; dichiara -, presso il meraviglioso e funzionale centro sportivo dove il nuovo Savona sta preparando la stagione 2011\/12, commette un errore. Cos\u00ec come chi giudica senza vedere e pensa che solo i &#8216;nomi&#8217; siano elementi importanti per costruire una squadra che diverta e che vinca&#8221;.<\/p>\n<p>&#8220;Ieri l&#8217;amichevole con la formazione della Valle &#8211; spiega &#8211; ha registrato note molto positive a carico di numerosi giocatori presenti che hanno disputato una partita ad alto ritmo e che a tratti ha manifestato bel gioco ed automatismi naturali. Certamente dopo cinque giorni non si pu\u00f2 pretendere l&#8217;assoluta intesa e l&#8217;alternanza di giocatori ordinata da mister Corda nel secondo tempo \u00e8 la conferma che si stanno effettuando verifiche e si cercano certezze&#8221;.<\/p>\n<p>La gara contro i volenterosi ed atletici valligiani, che hanno giocato senza alcun timore reverenziale, ha registrato il risultato di 6 a 0 per i biancoblu, punteggio limitato da molta imprecisione delle gambe &#8220;imballate&#8221; degli attaccanti e dalla abilit\u00e0 del portiere locale, pi\u00f9 volte protagonista di interventi risolutori nelle decine di occasioni in cui il Savona si \u00e8 presentato al tiro con tutti i giocatori del reparto offensivo.<\/p>\n<p>Un episodio significativo riguardo il tenore della gara, \u00e8 stata l&#8217;esortazione urlata dall&#8217;allenatore locale ai suoi giocatori dopo la mezz&#8217;ora del primo tempo: &#8220;Forza ragazzi: questi non possono mica tenere questo ritmo ancora per molto&#8230;!&#8221;. Il simpatico allenatore non \u00e8 stato buon profeta, poich\u00e8 i savonesi hanno continuato con le incursioni, i rientri, i recuperi e le ripartenze fin quando Corda ha dato l&#8217;ordine di tirare i remi in barca per non esagerare con i carichi, attorno all&#8217;80\u00b0.<\/p>\n<p>&#8220;Certamente &#8211; prosegue Semino &#8211; questa giovane formazione non manca nell&#8217;atletismo e nella grinta: aggressione su ogni pallone, pressing sugli attaccanti, squadra compatta ed unita nel &#8216;salire&#8217;, gli attaccanti a coprire in fase difensiva, scambi di prima, lanci a cambiare fascia&#8230; Un bel vedere, senza dubbio molta qualit\u00e0 da &#8216;exducere&#8217;&#8230; Senza parlare della &#8216;carica&#8217; che il mister suona dal primo all&#8217;ultimo minuto della gara. Pur elogiando tutti coloro che sono scesi in campo, hanno destato ottima impressione Belotti, Mazzotti, De Martis e Rossi. Molto buone le prove di Pellini e Praino, due positive e gradite conferme, cos\u00ec come Marconi e Greco. Un Buglio attento e sereno ha distribuito con calma e precisione passaggi sia nello stretto che nel lungo lancio: i suoi piedi raffinati e la sua intelligenza tattica in mezzo a giovani corridori sono state tra le cose pi\u00f9 belle della partita. Angelo sembra finalmente il vero Buglio&#8221;.<\/p>\n<p>&#8220;Un commento a parte per il giovanissimo Jhonatan Zuluaga &#8211; sottolinea Semino -, ecuadoreno, classe 1994, che certamente avr\u00e0 un futuro luminoso, sempre che mantenga inalterate modestia e voglia di imparare. I portieri hanno svolto la ordinaria amministrazione, protetti da una difesa attenta e rapidissima nelle chiusure. Si dir\u00e0 &#8216;calcio d&#8217;estate&#8217;, \u00e8 vero, ma anche d&#8217;estate si vede bel calcio e calcio brutto: venite a giudicare. Le occasioni non mancano: gioved\u00ec a Cantalupa contro la formazione del Pinerolo alle 17, e domenica a Mondov\u00ec triangolare a tempi da 45&#8242;, con la partecipazione del Cuneo e della Primavera della Juventus&#8221;.<br \/>\n\u00a0<br \/>\nIeri a Cantalupa era presente una nutrita dirigenza: con il presidente Andrea Pesce, c&#8217;erano Fabrizio Oggianu e Umberto Gianatti, Mino Armienti e Ilio Semino. &#8220;Mancavano i tifosi &#8211; conclude Semino -. E si sono persi un bel pomeriggio di calcio. Ma arriveranno anche loro&#8230;&#8221;<\/p>\n<p>Tornando all&#8217;amichevole, Corda nel primo tempo ha schierato Campuroni, Praino, Petrone, Belotti, Marconi, Buglio, De Martis, Molino, Rossi, Mazzotti, Pellini. A segno Buglio, De Martis e doppietta di Mazzotti. Nel secondo tempo spazio anche a Salerno tra i pali, Gelfusa, Materazzo, Greco, Tangredi, Zuloaga, Tedde e Francesa. A segno Gelfusa e ancora De Martis.<\/p>\n","protected":false},"excerpt":{"rendered":"<p>Savona. Seduta mattutina per il Savona agli ordini di Corda, quest&#8217;oggi, poi mezza giornata di riposo. Hanno abbandonato il ritiro Salerno, Vezzani e Patti per scelta tecnica. Si sono aggregati invece al gruppo Sciany Azzolina, portiere classe 1991 dall&#8217;Insubria, e Riccardo Gagliolo. Da domani in prova un altro numero 1 classe 1991: Filippo Teseo. Gioved\u00ec [&hellip;]<\/p>\n","protected":false},"author":13744,"featured_media":0,"comment_status":"open","ping_status":"closed","sticky":false,"template":"","format":"standard","meta":{"footnotes":""},"categories":[32],"tags":[2975,85989,33838,85850],"class_list":["post-178420","post","type-post","status-publish","format-standard","hentry","category-sport","tag-amichevole","tag-calcio","tag-cantalupa","tag-savona","post_cat_citta-savona"],"amp_validity":null,"amp_enabled":true,"_links":{"self":[{"href":"https:\/\/staging.ivg.it\/ediapi\/wp\/v2\/posts\/178420","targetHints":{"allow":["GET"]}}],"collection":[{"href":"https:\/\/staging.ivg.it\/ediapi\/wp\/v2\/posts"}],"about":[{"href":"https:\/\/staging.ivg.it\/ediapi\/wp\/v2\/types\/post"}],"author":[{"embeddable":true,"href":"https:\/\/staging.ivg.it\/ediapi\/wp\/v2\/users\/13744"}],"replies":[{"embeddable":true,"href":"https:\/\/staging.ivg.it\/ediapi\/wp\/v2\/comments?post=178420"}],"version-history":[{"count":0,"href":"https:\/\/staging.ivg.it\/ediapi\/wp\/v2\/posts\/178420\/revisions"}],"wp:attachment":[{"href":"https:\/\/staging.ivg.it\/ediapi\/wp\/v2\/media?parent=178420"}],"wp:term":[{"taxonomy":"category","embeddable":true,"href":"https:\/\/staging.ivg.it\/ediapi\/wp\/v2\/categories?post=178420"},{"taxonomy":"post_tag","embeddable":true,"href":"https:\/\/staging.ivg.it\/ediapi\/wp\/v2\/tags?post=178420"}],"curies":[{"name":"wp","href":"https:\/\/api.w.org\/{rel}","templated":true}]}}