{"id":178417,"date":"2011-07-26T15:41:53","date_gmt":"2011-07-26T13:41:53","guid":{"rendered":"http:\/\/www.ivg.it\/?p=178417"},"modified":"2011-07-26T18:22:32","modified_gmt":"2011-07-26T16:22:32","slug":"alassio-riaprono-le-vele-il-patron-becchio-rimango-amareggiato-gli-amministratori-chiedano-scusa","status":"publish","type":"post","link":"https:\/\/staging.ivg.it\/2011\/07\/alassio-riaprono-le-vele-il-patron-becchio-rimango-amareggiato-gli-amministratori-chiedano-scusa\/","title":{"rendered":"Alassio, riaprono Le Vele. Il patron Becchio: \u201cRimango amareggiato, gli amministratori chiedano scusa\u201d"},"content":{"rendered":"<p><strong>Alassio<\/strong>. E&#8217; pi\u00f9 disteso, soddisfatto, ma sempre pronto a dirla senza remore Franco Becchio, il patron della discoteca Le Vele di Alassio. Appena ha appreso del via libera alla riapertura del locale da parte della commissione tecnica, ha tirato un sospiro di sollievo, senza per\u00f2 ritrattare le critiche dei giorni scorsi. &#8220;Sono contento dell&#8217;esito e dell&#8217;autorizzazione e resto demoralizzato &#8211; afferma &#8211; Riapriremo Le Vele domani o dopodomani. Gli amministratori pubblici dovrebbero capire che esistono locali gestiti con passione, e ad Alassio ce ne sono, e ci sono quelli che, oltre ad essere gestiti con il cuore, fanno la differenza. Il mio ha sempre fatto la differenza, portando in Riviera il meglio, la classe, il gusto e proiettando la citt\u00e0 nella moda&#8221;.<\/p>\n<p>Con il sopralluogo di oggi e l&#8217;autorizzazione, superati gli ultimi intoppi (parcheggio e prescrizioni Asl), la discoteca ponentina potr\u00e0 riaprire i battenti dopo due anni di fermo. All&#8217;assessore al turismo Rinalgo Agostini non erano piaciute le parole di Becchio: &#8220;Non \u00e8 giusto additare Alassio come una citt\u00e0 poco elegante, in un momento in cui si sta cercando di rilanciare la nostra immagine turistica con eventi di qualit\u00e0 coinvolgendo tutti i commercianti compresi anche i gestori delle discoteche e dei locali notturni; forse sarebbe il caso che Becchio ripensasse a quello che ha detto e che chiedesse scusa prima di tutti ai suoi colleghi e ai commercianti alassini&#8221; aveva detto l&#8217;assessore.<\/p>\n<p>Lo stesso patron delle Vele torna sull&#8217;argomento: &#8220;Non ho motivo di chiedere scusa, men che meno ai commercianti, perch\u00e9 ero proprio insieme ad albergatori e titolari di esercizi pubblici quando, nel budello di Alassio, ho osservato che a girare c&#8217;erano soltanto persone in canottiera. Chiedano piuttosto scusa gli amministratori che non capiscono proprio niente di quanto ha fatto per la citt\u00e0&#8221;. Becchio la settimana scorsa aveva annunciato di non voler mettere pi\u00f9 piede nella citt\u00e0 dal muretto, colto dall&#8217;irritazione per la mancata autorizzazione della discoteca. &#8220;Me ne sto a Porto Cervo, dove forse mi fanno un monumento per l&#8217;economia turistica che ho organizzato qui &#8211; dice oggi &#8211; Per adesso aspetto prima di tornare ad Alassio&#8221;.<\/p>\n","protected":false},"excerpt":{"rendered":"<p>Alassio. E&#8217; pi\u00f9 disteso, soddisfatto, ma sempre pronto a dirla senza remore Franco Becchio, il patron della discoteca Le Vele di Alassio. Appena ha appreso del via libera alla riapertura del locale da parte della commissione tecnica, ha tirato un sospiro di sollievo, senza per\u00f2 ritrattare le critiche dei giorni scorsi. &#8220;Sono contento dell&#8217;esito e [&hellip;]<\/p>\n","protected":false},"author":13744,"featured_media":0,"comment_status":"open","ping_status":"closed","sticky":false,"template":"","format":"standard","meta":{"footnotes":""},"categories":[],"tags":[85824,4222,10415,9967],"class_list":["post-178417","post","type-post","status-publish","format-standard","hentry","tag-alassio","tag-discoteca","tag-franco-becchio","tag-movida","post_cat_citta-alassio"],"amp_validity":null,"amp_enabled":true,"_links":{"self":[{"href":"https:\/\/staging.ivg.it\/ediapi\/wp\/v2\/posts\/178417","targetHints":{"allow":["GET"]}}],"collection":[{"href":"https:\/\/staging.ivg.it\/ediapi\/wp\/v2\/posts"}],"about":[{"href":"https:\/\/staging.ivg.it\/ediapi\/wp\/v2\/types\/post"}],"author":[{"embeddable":true,"href":"https:\/\/staging.ivg.it\/ediapi\/wp\/v2\/users\/13744"}],"replies":[{"embeddable":true,"href":"https:\/\/staging.ivg.it\/ediapi\/wp\/v2\/comments?post=178417"}],"version-history":[{"count":0,"href":"https:\/\/staging.ivg.it\/ediapi\/wp\/v2\/posts\/178417\/revisions"}],"wp:attachment":[{"href":"https:\/\/staging.ivg.it\/ediapi\/wp\/v2\/media?parent=178417"}],"wp:term":[{"taxonomy":"category","embeddable":true,"href":"https:\/\/staging.ivg.it\/ediapi\/wp\/v2\/categories?post=178417"},{"taxonomy":"post_tag","embeddable":true,"href":"https:\/\/staging.ivg.it\/ediapi\/wp\/v2\/tags?post=178417"}],"curies":[{"name":"wp","href":"https:\/\/api.w.org\/{rel}","templated":true}]}}