{"id":177630,"date":"2011-07-22T16:31:00","date_gmt":"2011-07-22T14:31:00","guid":{"rendered":"http:\/\/www.ivg.it\/?p=177630"},"modified":"2011-07-22T17:02:41","modified_gmt":"2011-07-22T15:02:41","slug":"ceriale-domani-lestemporanea-di-pittura-che-spegne-7-candeline","status":"publish","type":"post","link":"https:\/\/staging.ivg.it\/2011\/07\/ceriale-domani-lestemporanea-di-pittura-che-spegne-7-candeline\/","title":{"rendered":"Ceriale: domani l\u2019estemporanea di pittura che spegne 7 candeline"},"content":{"rendered":"<p><strong>Ceriale<\/strong>. Domani si terr\u00e0 l&#8217;immancabile appuntamento dell&#8217;estate cerialese: l&#8217;estemporanea di pittura, che spegne la sua settima candelina. L&#8217;evento, organizzato dalla Pro Loco di Ceriale in collaborazione con l&#8217;Assessorato alla Cultura del Comune di Ceriale, quest&#8217;anno propone il tema &#8220;Ceriale: profumo di Liguria&#8221;. L&#8217;iscrizione al concorso \u00e8 gratuita e sono previsti premi in denaro per i primi tre classificati (rispettivamente di 500, 400 e 300  euro) con l&#8217;aggiunta di due premi speciali di 200 euro che la Giuria potr\u00e0 assegnare a pittori che si sono distinti per originalit\u00e0 e tecnica pittorica.<\/p>\n<p>Quest&#8217;aanno sar\u00e0 una Giuria d&#8217;eccezione a valutare le opere, presieduta dal critico d?arte di fama internazionale Luciano Caprile, il pittore Bruno Riccardi, il titolare de &#8220;Il portale degli artisti&#8221; Gabriele Vilardo (il quale offre ai primi tre classificati un anno di permanenza gratuita sul portale), il Presidente della Pro Loco Davide Schianchi e il ViceSindaco Eugenio Maineri.<\/p>\n<p>La premiazione si terr\u00e0 in Piazza della Vittoria, con inizio alle ore 21, in un evento-spettacolo che porter\u00e0 sul palco, oltre ai pittori che verranno premiati, l&#8217;imperiese Writer Oner che si esibir\u00e0 in una performance dal vivo, il comico Gaetano Adiletta, direttamente da Big Smile di Tutto Esaurito, programma proposto da Radio 105, il soprano Anna Maria Ottazzi e le allieve della Scuola &#8220;L?officina della Danza&#8221;. Gradite ospiti anche le opere degli studenti del Liceo Artistico Statale &#8220;Arturo Martini&#8221; di Savona. Condurr\u00e0 la serata Fabrizio Marabello, affiancato dalle &#8220;quadrine&#8221; Rachele Bani e Nicole De Lucia. L&#8217;ingresso \u00e8 libero.<\/p>\n","protected":false},"excerpt":{"rendered":"<p>Ceriale. Domani si terr\u00e0 l&#8217;immancabile appuntamento dell&#8217;estate cerialese: l&#8217;estemporanea di pittura, che spegne la sua settima candelina. L&#8217;evento, organizzato dalla Pro Loco di Ceriale in collaborazione con l&#8217;Assessorato alla Cultura del Comune di Ceriale, quest&#8217;anno propone il tema &#8220;Ceriale: profumo di Liguria&#8221;. L&#8217;iscrizione al concorso \u00e8 gratuita e sono previsti premi in denaro per i [&hellip;]<\/p>\n","protected":false},"author":13744,"featured_media":0,"comment_status":"open","ping_status":"closed","sticky":false,"template":"","format":"standard","meta":{"footnotes":""},"categories":[56],"tags":[85855,389],"class_list":["post-177630","post","type-post","status-publish","format-standard","hentry","category-altre","tag-ceriale","tag-mostre-darte","post_cat_citta-ceriale"],"amp_validity":null,"amp_enabled":true,"_links":{"self":[{"href":"https:\/\/staging.ivg.it\/ediapi\/wp\/v2\/posts\/177630","targetHints":{"allow":["GET"]}}],"collection":[{"href":"https:\/\/staging.ivg.it\/ediapi\/wp\/v2\/posts"}],"about":[{"href":"https:\/\/staging.ivg.it\/ediapi\/wp\/v2\/types\/post"}],"author":[{"embeddable":true,"href":"https:\/\/staging.ivg.it\/ediapi\/wp\/v2\/users\/13744"}],"replies":[{"embeddable":true,"href":"https:\/\/staging.ivg.it\/ediapi\/wp\/v2\/comments?post=177630"}],"version-history":[{"count":0,"href":"https:\/\/staging.ivg.it\/ediapi\/wp\/v2\/posts\/177630\/revisions"}],"wp:attachment":[{"href":"https:\/\/staging.ivg.it\/ediapi\/wp\/v2\/media?parent=177630"}],"wp:term":[{"taxonomy":"category","embeddable":true,"href":"https:\/\/staging.ivg.it\/ediapi\/wp\/v2\/categories?post=177630"},{"taxonomy":"post_tag","embeddable":true,"href":"https:\/\/staging.ivg.it\/ediapi\/wp\/v2\/tags?post=177630"}],"curies":[{"name":"wp","href":"https:\/\/api.w.org\/{rel}","templated":true}]}}