{"id":177227,"date":"2011-07-21T14:18:12","date_gmt":"2011-07-21T12:18:12","guid":{"rendered":"http:\/\/www.ivg.it\/?p=177227"},"modified":"2011-07-21T14:18:12","modified_gmt":"2011-07-21T12:18:12","slug":"regione-presentato-terreni-creativi-musica-danza-e-tanto-altro-nelle-serre-di-leca","status":"publish","type":"post","link":"https:\/\/staging.ivg.it\/2011\/07\/regione-presentato-terreni-creativi-musica-danza-e-tanto-altro-nelle-serre-di-leca\/","title":{"rendered":"Regione, presentato &#8220;Terreni Creativi&#8221;: musica, danza e tanto altro nelle serre di Leca"},"content":{"rendered":"<p><strong>Regione<\/strong>. Ascoltare musica o a assistere a uno spettacolo di prosa o danza una sera d\u2019estate, comodamente seduti. Ma non a teatro, bens\u00ec in una serra. Tra filari di basilico, salvia, rosmarino, timo, origano e tante altre piante aromatiche.<\/p>\n<p>Succede ad Albenga e dintorni dove per tre serate, da mercoled\u00ec 3 a venerd\u00ec 5 agosto, si snoder\u00e0 il festival \u201cTerreni Creativi\u201d promosso dall&#8217;associazione Kronoteatro e presentato in mattinata presso la sede della Regione Liguria che l\u2019ha patrocinato attraverso l\u2019assessorato al Turismo, Cultura e Spettacoli.<\/p>\n<p>Il cartellone del festival comprende letteratura, spettacoli, danze, eventi e concerti al Centro di sperimentazione e assistenza agricola in regione Rollo, nell\u2019azienda Merflor, in regione Poggi a Leca d\u2019Albenga e nell\u2019azienda Aeffe Agricoltura, sempre a Leca.<\/p>\n<p>Le serate avranno inizio alle 19 e si concluderanno attorno alla mezzanotte. Ogni sera, alle 20, \u00e8 in programma un \u201caperitivo quasi cena\u201d con tante specialit\u00e0 agroalimentari del territorio e rigorosamente a chilometri zero.<\/p>\n<p>Fra gli ospiti attesi a \u201cTerreni Creativi\u201d la compagnia di danza di Aline Nari e Davide Frangioni, gruppi di musica tradizionale irlandese, occitani e degli Appennini, gli attori Elena Bucci e Oscar De Summa e tantissimi altri.<\/p>\n","protected":false},"excerpt":{"rendered":"<p>Regione. Ascoltare musica o a assistere a uno spettacolo di prosa o danza una sera d\u2019estate, comodamente seduti. Ma non a teatro, bens\u00ec in una serra. Tra filari di basilico, salvia, rosmarino, timo, origano e tante altre piante aromatiche. Succede ad Albenga e dintorni dove per tre serate, da mercoled\u00ec 3 a venerd\u00ec 5 agosto, [&hellip;]<\/p>\n","protected":false},"author":13744,"featured_media":0,"comment_status":"open","ping_status":"closed","sticky":false,"template":"","format":"standard","meta":{"footnotes":""},"categories":[],"tags":[86207,295,24876],"class_list":["post-177227","post","type-post","status-publish","format-standard","hentry","tag-leca-dalbenga","tag-regione","tag-terreni-creativi","post_cat_citta-albenga"],"amp_validity":null,"amp_enabled":true,"_links":{"self":[{"href":"https:\/\/staging.ivg.it\/ediapi\/wp\/v2\/posts\/177227","targetHints":{"allow":["GET"]}}],"collection":[{"href":"https:\/\/staging.ivg.it\/ediapi\/wp\/v2\/posts"}],"about":[{"href":"https:\/\/staging.ivg.it\/ediapi\/wp\/v2\/types\/post"}],"author":[{"embeddable":true,"href":"https:\/\/staging.ivg.it\/ediapi\/wp\/v2\/users\/13744"}],"replies":[{"embeddable":true,"href":"https:\/\/staging.ivg.it\/ediapi\/wp\/v2\/comments?post=177227"}],"version-history":[{"count":0,"href":"https:\/\/staging.ivg.it\/ediapi\/wp\/v2\/posts\/177227\/revisions"}],"wp:attachment":[{"href":"https:\/\/staging.ivg.it\/ediapi\/wp\/v2\/media?parent=177227"}],"wp:term":[{"taxonomy":"category","embeddable":true,"href":"https:\/\/staging.ivg.it\/ediapi\/wp\/v2\/categories?post=177227"},{"taxonomy":"post_tag","embeddable":true,"href":"https:\/\/staging.ivg.it\/ediapi\/wp\/v2\/tags?post=177227"}],"curies":[{"name":"wp","href":"https:\/\/api.w.org\/{rel}","templated":true}]}}