{"id":176705,"date":"2011-07-19T16:48:30","date_gmt":"2011-07-19T14:48:30","guid":{"rendered":"http:\/\/www.ivg.it\/?p=176705"},"modified":"2011-07-20T10:23:25","modified_gmt":"2011-07-20T08:23:25","slug":"il-vescovo-lupi-le-polemiche-sono-alle-spalle-nuova-unita-per-la-diocesi","status":"publish","type":"post","link":"https:\/\/staging.ivg.it\/2011\/07\/il-vescovo-lupi-le-polemiche-sono-alle-spalle-nuova-unita-per-la-diocesi\/","title":{"rendered":"Il vescovo Lupi: \u201cLe polemiche sono alle spalle, nuova unit\u00e0 per la Diocesi\u201d"},"content":{"rendered":"<p><strong>Savona. <\/strong>Si respira un clima pi\u00f9 sereno alla Diocesi di Savona-Noli e se le linee pastorali formalmente non hanno alcun diretto riferimento, per il vescovo della Diocesi di Savona-Noli, Mons. Vittorio Lupi, rappresentano un punto di svolta dopo le polemiche ed i contrasti che hanno investito il clero savonese negli ultimi tempi.<\/p>\n<p>La Curia non mostra preoccupazione per le vicende giudiziarie bens\u00ec per la necessit\u00e0 di un cambio di rotta a livello ecclesiastico, e appunto pastorale, come messaggio di nuova unit\u00e0 di intenti per i prossimi anni, con l&#8217;impegno a lavorare assieme in assoluto coordinamento con tutte le parrocchie. <\/p>\n<p>&#8220;Le polemiche ormai sono alle spalle, certo restano dei problemi che dobbiamo risolvere tuttavia credo oggi si possa guardare al futuro con pi\u00f9 serenit\u00e0. C&#8217;\u00e8 stato un periodo troppo tormentato la nostra chiesa ma l&#8217;impegno nel lavoro e la passione nella fede ci hanno aiutato a superare momenti difficili&#8221; ha affermato il vescovo Lupi.<\/p>\n<p>Dalla famiglia al suo rafforzamento in termini di valori e vita quotidiana, che deve tornare al centro del messaggio cristiano, passando per il ruolo partecipe e attivo del cristiano nel costesto sociale, economico e politico; infine i giovani: &#8220;Nonostante numeri non certo in crescita con i giovani stiamo facendo un percorso importante, Cristo non ha voluto con s\u00e8 le masse ma minoranze in grado come il lievito di far fermentare la pasta&#8230;&#8221; ha detto il vescovo Lupi. Insomma le linee pastorali si inseriscono nella nuova azione di rilancio per la Diocesi savonese.<\/p>\n","protected":false},"excerpt":{"rendered":"<p>Savona. Si respira un clima pi\u00f9 sereno alla Diocesi di Savona-Noli e se le linee pastorali formalmente non hanno alcun diretto riferimento, per il vescovo della Diocesi di Savona-Noli, Mons. Vittorio Lupi, rappresentano un punto di svolta dopo le polemiche ed i contrasti che hanno investito il clero savonese negli ultimi tempi. La Curia non [&hellip;]<\/p>\n","protected":false},"author":4,"featured_media":0,"comment_status":"open","ping_status":"closed","sticky":false,"template":"","format":"standard","meta":{"footnotes":""},"categories":[],"tags":[21103,1823,2502],"class_list":["post-176705","post","type-post","status-publish","format-standard","hentry","tag-diocesi-savona","tag-parrocchie","tag-vescovo-lupi","post_cat_citta-andora","post_cat_citta-savona"],"amp_validity":null,"amp_enabled":true,"_links":{"self":[{"href":"https:\/\/staging.ivg.it\/ediapi\/wp\/v2\/posts\/176705","targetHints":{"allow":["GET"]}}],"collection":[{"href":"https:\/\/staging.ivg.it\/ediapi\/wp\/v2\/posts"}],"about":[{"href":"https:\/\/staging.ivg.it\/ediapi\/wp\/v2\/types\/post"}],"author":[{"embeddable":true,"href":"https:\/\/staging.ivg.it\/ediapi\/wp\/v2\/users\/4"}],"replies":[{"embeddable":true,"href":"https:\/\/staging.ivg.it\/ediapi\/wp\/v2\/comments?post=176705"}],"version-history":[{"count":0,"href":"https:\/\/staging.ivg.it\/ediapi\/wp\/v2\/posts\/176705\/revisions"}],"wp:attachment":[{"href":"https:\/\/staging.ivg.it\/ediapi\/wp\/v2\/media?parent=176705"}],"wp:term":[{"taxonomy":"category","embeddable":true,"href":"https:\/\/staging.ivg.it\/ediapi\/wp\/v2\/categories?post=176705"},{"taxonomy":"post_tag","embeddable":true,"href":"https:\/\/staging.ivg.it\/ediapi\/wp\/v2\/tags?post=176705"}],"curies":[{"name":"wp","href":"https:\/\/api.w.org\/{rel}","templated":true}]}}