{"id":176617,"date":"2011-07-19T14:56:58","date_gmt":"2011-07-19T12:56:58","guid":{"rendered":"http:\/\/www.ivg.it\/?p=176617"},"modified":"2011-07-19T14:56:58","modified_gmt":"2011-07-19T12:56:58","slug":"calice-riduzione-del-10-per-i-residenti-sulle-tariffe-di-villa-alfieri-plauso-di-sterla","status":"publish","type":"post","link":"https:\/\/staging.ivg.it\/2011\/07\/calice-riduzione-del-10-per-i-residenti-sulle-tariffe-di-villa-alfieri-plauso-di-sterla\/","title":{"rendered":"Calice, riduzione del 10% per i residenti sulle tariffe di &#8220;Villa Alfieri&#8221;: plauso di Sterla"},"content":{"rendered":"<p><strong>Calice L.<\/strong> La direzione della residenza protetta Villa Alfieri ha deciso di applicare una riduzione del 10% delle tariffe di spggiorno per i residenti del Comune di Calice Ligure cha abbiano necessit\u00e0 di usufruire dei servizi della struttura. Ad annunciarlo \u00e8 il primo cittadino di Calice Livio Sterla che spiega: &#8220;In questi giorni \u00e8 giunta al mio comune una lettera da parte dell&#8217;Amministratore Unico della Residenza, Lino Furfari, con la quale mi \u00e8 stato comunicato l&#8217;impegno ad applicare appunto la riduzione per i residenti&#8221;.<\/p>\n<p>&#8220;Ritengo che tutto ci\u00f2 sia la dimostrazione tangibile della seriet\u00e0 con la quale l&#8217;Amministratore da anni garantisce alla nostra collettivit\u00e0 l&#8217;erogazione di un servizio socio sanitario di elevata qualit\u00e0, che va ben oltre la mera prestazione di servizi, la cui disponibilt\u00e0 ha un peso assolutamente rilevante sulle famiglie del paese e su quelle dei comuni vicini&#8221; conclude Sterla.<\/p>\n","protected":false},"excerpt":{"rendered":"<p>Calice L. La direzione della residenza protetta Villa Alfieri ha deciso di applicare una riduzione del 10% delle tariffe di spggiorno per i residenti del Comune di Calice Ligure cha abbiano necessit\u00e0 di usufruire dei servizi della struttura. Ad annunciarlo \u00e8 il primo cittadino di Calice Livio Sterla che spiega: &#8220;In questi giorni \u00e8 giunta [&hellip;]<\/p>\n","protected":false},"author":13744,"featured_media":0,"comment_status":"open","ping_status":"closed","sticky":false,"template":"","format":"standard","meta":{"footnotes":""},"categories":[56,34],"tags":[1000,18238,15155,8830],"class_list":["post-176617","post","type-post","status-publish","format-standard","hentry","category-altre","category-cronaca","tag-calice","tag-livio-sterla","tag-riduzione","tag-villa-alfieri","post_cat_citta-calice-ligure"],"amp_validity":null,"amp_enabled":true,"_links":{"self":[{"href":"https:\/\/staging.ivg.it\/ediapi\/wp\/v2\/posts\/176617","targetHints":{"allow":["GET"]}}],"collection":[{"href":"https:\/\/staging.ivg.it\/ediapi\/wp\/v2\/posts"}],"about":[{"href":"https:\/\/staging.ivg.it\/ediapi\/wp\/v2\/types\/post"}],"author":[{"embeddable":true,"href":"https:\/\/staging.ivg.it\/ediapi\/wp\/v2\/users\/13744"}],"replies":[{"embeddable":true,"href":"https:\/\/staging.ivg.it\/ediapi\/wp\/v2\/comments?post=176617"}],"version-history":[{"count":0,"href":"https:\/\/staging.ivg.it\/ediapi\/wp\/v2\/posts\/176617\/revisions"}],"wp:attachment":[{"href":"https:\/\/staging.ivg.it\/ediapi\/wp\/v2\/media?parent=176617"}],"wp:term":[{"taxonomy":"category","embeddable":true,"href":"https:\/\/staging.ivg.it\/ediapi\/wp\/v2\/categories?post=176617"},{"taxonomy":"post_tag","embeddable":true,"href":"https:\/\/staging.ivg.it\/ediapi\/wp\/v2\/tags?post=176617"}],"curies":[{"name":"wp","href":"https:\/\/api.w.org\/{rel}","templated":true}]}}