{"id":175364,"date":"2011-07-14T12:17:52","date_gmt":"2011-07-14T10:17:52","guid":{"rendered":"http:\/\/www.ivg.it\/?p=175364"},"modified":"2011-07-14T13:56:30","modified_gmt":"2011-07-14T11:56:30","slug":"saldi-vendite-in-aumento-savona-spicca-per-giro-daffari","status":"publish","type":"post","link":"https:\/\/staging.ivg.it\/2011\/07\/saldi-vendite-in-aumento-savona-spicca-per-giro-daffari\/","title":{"rendered":"Saldi, vendite in aumento: Savona spicca per giro d\u2019affari"},"content":{"rendered":"<p><strong>Savona<\/strong>. Sono in linea con l&#8217;anno passato le vendite registrate in Liguria nelle prime due settimane di saldi. Lo rivela una indagine del centro studi di Confesercenti Liguria. Tra le province, la migliore \u00e8 Savona, dove in alcuni casi si \u00e8 arrivati a un 10% in pi\u00f9 sul giro d&#8217;affari.<\/p>\n<p>Partenza positiva anche ad Imperia, mentre La Spezia si attesta sugli stessi livelli dell&#8217;anno passato. In linea con le altre province Genova: bene il centro citt\u00e0, dove alcuni operatori registrano un aumento del 10% del volume delle vendite, incoraggiante la partenza dei saldi nell&#8217;entroterra, e in particolare a Busalla. Uniche eccezioni Nervi e Sestri Ponente, dove invece gli esercenti segnalano un andamento &#8220;leggermente negativo&#8221;.<\/p>\n","protected":false},"excerpt":{"rendered":"<p>Savona. Sono in linea con l&#8217;anno passato le vendite registrate in Liguria nelle prime due settimane di saldi. Lo rivela una indagine del centro studi di Confesercenti Liguria. Tra le province, la migliore \u00e8 Savona, dove in alcuni casi si \u00e8 arrivati a un 10% in pi\u00f9 sul giro d&#8217;affari. Partenza positiva anche ad Imperia, [&hellip;]<\/p>\n","protected":false},"author":13744,"featured_media":0,"comment_status":"open","ping_status":"closed","sticky":false,"template":"","format":"standard","meta":{"footnotes":""},"categories":[35],"tags":[1072,3763,85850],"class_list":["post-175364","post","type-post","status-publish","format-standard","hentry","category-economia","tag-commercio","tag-saldi","tag-savona","post_cat_citta-savona"],"amp_validity":null,"amp_enabled":true,"_links":{"self":[{"href":"https:\/\/staging.ivg.it\/ediapi\/wp\/v2\/posts\/175364","targetHints":{"allow":["GET"]}}],"collection":[{"href":"https:\/\/staging.ivg.it\/ediapi\/wp\/v2\/posts"}],"about":[{"href":"https:\/\/staging.ivg.it\/ediapi\/wp\/v2\/types\/post"}],"author":[{"embeddable":true,"href":"https:\/\/staging.ivg.it\/ediapi\/wp\/v2\/users\/13744"}],"replies":[{"embeddable":true,"href":"https:\/\/staging.ivg.it\/ediapi\/wp\/v2\/comments?post=175364"}],"version-history":[{"count":0,"href":"https:\/\/staging.ivg.it\/ediapi\/wp\/v2\/posts\/175364\/revisions"}],"wp:attachment":[{"href":"https:\/\/staging.ivg.it\/ediapi\/wp\/v2\/media?parent=175364"}],"wp:term":[{"taxonomy":"category","embeddable":true,"href":"https:\/\/staging.ivg.it\/ediapi\/wp\/v2\/categories?post=175364"},{"taxonomy":"post_tag","embeddable":true,"href":"https:\/\/staging.ivg.it\/ediapi\/wp\/v2\/tags?post=175364"}],"curies":[{"name":"wp","href":"https:\/\/api.w.org\/{rel}","templated":true}]}}