{"id":174910,"date":"2011-07-12T17:19:11","date_gmt":"2011-07-12T15:19:11","guid":{"rendered":"http:\/\/www.ivg.it\/?p=174910"},"modified":"2011-07-13T10:44:18","modified_gmt":"2011-07-13T08:44:18","slug":"tirreno-power-lassessore-briano-vogliamo-certezze-a-partire-da-aia-copertura-carbonile-e-compensazioni-per-i-comuni","status":"publish","type":"post","link":"https:\/\/staging.ivg.it\/2011\/07\/tirreno-power-lassessore-briano-vogliamo-certezze-a-partire-da-aia-copertura-carbonile-e-compensazioni-per-i-comuni\/","title":{"rendered":"Tirreno Power, l\u2019assessore Briano: \u201cVogliamo certezze a partire da AIA, copertura carbonile e compensazioni per i Comuni\u201d"},"content":{"rendered":"<p><strong>Vado Ligure<\/strong>. &#8220;La delibera richiama la disponibilit\u00e0 dell&#8217;azienda sull&#8217;applicazione dell&#8217;AIA ai due gruppi esistenti a partire da subito. La Regione lo vuole fortemente. Ci\u00f2 significa ottenere un immediato miglioramento ambientale, dal momento in cui partiranno i lavori. Abbiamo discusso in giunta ma su questa scelta c&#8217;\u00e8 l&#8217;unanimit\u00e0: lo richiede il territorio da tempo&#8221;. Cos\u00ec l&#8217;assessore ligure all&#8217;ambiente Renata Briano subito dopo la riunione di giunta sull&#8217;ampliamento di Tirreno Power, in vista della conferenza dei servizi di domani nella capitale.<\/p>\n<p>&#8220;Non ci siamo mossi rispetto alla posizione precedente &#8211; nota l&#8217;assessore &#8211; Dal punto di vista ambientale chiediamo la copertura immediata del carbonile, ma anche compensazioni, dal monitoraggio dell&#8217;aria ad un osservatorio con il Ministero della Sanit\u00e0, per il cui contributo abbiamo tante eccellenze in Liguria, come l&#8217;IST e Arpal. E poi investimenti sui Comuni per diminuire le emissioni di CO2 complessive e per il risparmio energetico, soluzioni concertabili con gli enti&#8221;.<\/p>\n<p>Tirreno Power, per\u00f2, potrebbe contestare la politica della dilazione che vorrebbe l&#8217;autorizzazione di un terzo gruppo troppo avanti negli anni, alla merc\u00e8 di politiche ignote. &#8220;&#8221;Vedremo le risposte che dar\u00e0 l&#8217;azienda. La Regione ha voluto prendere una posizione molto forte &#8211; commenta Renata Briano &#8211; Il futuro non si pu\u00f2 ipotecare n\u00e9 si pu\u00f2 sapere cosa accadr\u00e0 fra nove anni. Ci sembra giusto dettare le condizioni su ci\u00f2 che \u00e8 possibile fare adesso. Vogliamo vedere certezze subito, a partire dalla copertura del carbonile di cui si parla da anni&#8221;. Lapidaria la chiosa sulla necessit\u00e0 dell&#8217;AIA sulla quale, con la nuova delibera, insiste la giunta Burlando: &#8220;L&#8217;AIA \u00e8 un obbligo di legge e si deve fare, come fanno tutte le centrali&#8221;.<\/p>\n","protected":false},"excerpt":{"rendered":"<p>Vado Ligure. &#8220;La delibera richiama la disponibilit\u00e0 dell&#8217;azienda sull&#8217;applicazione dell&#8217;AIA ai due gruppi esistenti a partire da subito. La Regione lo vuole fortemente. Ci\u00f2 significa ottenere un immediato miglioramento ambientale, dal momento in cui partiranno i lavori. Abbiamo discusso in giunta ma su questa scelta c&#8217;\u00e8 l&#8217;unanimit\u00e0: lo richiede il territorio da tempo&#8221;. Cos\u00ec l&#8217;assessore [&hellip;]<\/p>\n","protected":false},"author":13744,"featured_media":0,"comment_status":"open","ping_status":"closed","sticky":false,"template":"","format":"standard","meta":{"footnotes":""},"categories":[35,31],"tags":[1817,295,22427,3931,261],"class_list":["post-174910","post","type-post","status-publish","format-standard","hentry","category-economia","category-politica","tag-industria","tag-regione","tag-renata-briano","tag-tirreno-power","tag-vado"],"amp_validity":null,"amp_enabled":true,"_links":{"self":[{"href":"https:\/\/staging.ivg.it\/ediapi\/wp\/v2\/posts\/174910","targetHints":{"allow":["GET"]}}],"collection":[{"href":"https:\/\/staging.ivg.it\/ediapi\/wp\/v2\/posts"}],"about":[{"href":"https:\/\/staging.ivg.it\/ediapi\/wp\/v2\/types\/post"}],"author":[{"embeddable":true,"href":"https:\/\/staging.ivg.it\/ediapi\/wp\/v2\/users\/13744"}],"replies":[{"embeddable":true,"href":"https:\/\/staging.ivg.it\/ediapi\/wp\/v2\/comments?post=174910"}],"version-history":[{"count":0,"href":"https:\/\/staging.ivg.it\/ediapi\/wp\/v2\/posts\/174910\/revisions"}],"wp:attachment":[{"href":"https:\/\/staging.ivg.it\/ediapi\/wp\/v2\/media?parent=174910"}],"wp:term":[{"taxonomy":"category","embeddable":true,"href":"https:\/\/staging.ivg.it\/ediapi\/wp\/v2\/categories?post=174910"},{"taxonomy":"post_tag","embeddable":true,"href":"https:\/\/staging.ivg.it\/ediapi\/wp\/v2\/tags?post=174910"}],"curies":[{"name":"wp","href":"https:\/\/api.w.org\/{rel}","templated":true}]}}