{"id":174770,"date":"2011-07-12T16:40:18","date_gmt":"2011-07-12T14:40:18","guid":{"rendered":"http:\/\/www.ivg.it\/?p=174770"},"modified":"2011-07-13T09:35:46","modified_gmt":"2011-07-13T07:35:46","slug":"tirreno-power-burlando-massimo-due-gruppi-no-al-terzo-se-non-dopo-esame-ambientale","status":"publish","type":"post","link":"https:\/\/staging.ivg.it\/2011\/07\/tirreno-power-burlando-massimo-due-gruppi-no-al-terzo-se-non-dopo-esame-ambientale\/","title":{"rendered":"Tirreno Power, Burlando: \u201cMassimo due gruppi, no al terzo se non dopo esame ambientale\u201d"},"content":{"rendered":"<p><strong>Vado Ligure<\/strong>. La giunta regionale ha ribadito la posizione sull&#8217;ampliamento di Tirreno Power, anche se con alcuni significativi correttivi, sottolineando la disponibilit\u00e0 ad autorizzare due gruppi, di diversa potenza, e rimarcando il no ad una terza nuova unit\u00e0 a carbone. S\u00ec quindi ad un impianto grande da 460 MW e, a condizioni ambientali certe, ad un gruppo piccolo da 330 MW. Novit\u00e0 rilevante anche l&#8217;imposizione dell&#8217;AIA immediata per i due gruppi esistenti.<\/p>\n<p>&#8220;La Regione \u00e8 disponibile per due soli gruppi &#8211; spiega il governatore regionale Claudio Burlando &#8211; Non siamo disposti a concedere ad un terzo gruppo a carbone. Non intendiamo approvare processi automatici che portino alla presenza di tre unit\u00e0. E&#8217; sicuro che la pratica potr\u00e0 essere rivista fra alcuni anni in considerazione del miglioramento della qualit\u00e0 dell&#8217;aria&#8221;.<\/p>\n<p>L&#8217;appuntamento \u00e8 con la riunione istituzionale romana in programma domani, fase conclusiva dell&#8217;annoso iter burocratico del progetto. &#8220;In questa conferenza andiamo ad approvare un gruppo grande e la possibilit\u00e0 di realizzarne uno pi\u00f9 piccolo solo dopo che saranno considerati i miglioramenti ambientali. Per fare un terzo gruppo, pur piccolo, ci vogliono altre decisioni politiche che non abbiamo mai preso e non prenderemo n\u00e9 oggi n\u00e9 prossimi mesi&#8221; afferma Burlando.<\/p>\n<p>&#8220;Al momento &#8211; aggiunge il presidente regionale &#8211; porteremo domani in conferenza dei servizi questa proposta che non si modificher\u00e0 se non in futuro alla luce della qualit\u00e0 ambientale sul territorio. Comprendiamo la necessit\u00e0 da parte dell&#8217;azienda di sfruttare fondazioni e carpenterie esistenti, ma la nostra decisione \u00e8 questa. E&#8217; un modo per mantenere un filo con i Comuni e tutti coloro che guardano con preoccupazione al potenziamento della centrale&#8221;.<\/p>\n<p>Burlando ha poi rimarcato l&#8217;importanza dell&#8217;investimento gi\u00e0 previsto dall&#8217;azienda energetica sulle rinnovabili, pari a 200 milioni, e ha annunciato che la Regione sosterr\u00e0 l&#8217;applicazione dell&#8217;AIA, come richiesto recentemente dai Comuni di Vado Ligure e Quiliano.<\/p>\n","protected":false},"excerpt":{"rendered":"<p>Vado Ligure. La giunta regionale ha ribadito la posizione sull&#8217;ampliamento di Tirreno Power, anche se con alcuni significativi correttivi, sottolineando la disponibilit\u00e0 ad autorizzare due gruppi, di diversa potenza, e rimarcando il no ad una terza nuova unit\u00e0 a carbone. S\u00ec quindi ad un impianto grande da 460 MW e, a condizioni ambientali certe, ad [&hellip;]<\/p>\n","protected":false},"author":13744,"featured_media":0,"comment_status":"open","ping_status":"closed","sticky":false,"template":"","format":"standard","meta":{"footnotes":""},"categories":[35,31],"tags":[284,1817,295,3931,261,85979],"class_list":["post-174770","post","type-post","status-publish","format-standard","hentry","category-economia","category-politica","tag-claudio-burlando","tag-industria","tag-regione","tag-tirreno-power","tag-vado","tag-vado-ligure","post_cat_citta-vado-ligure"],"amp_validity":null,"amp_enabled":true,"_links":{"self":[{"href":"https:\/\/staging.ivg.it\/ediapi\/wp\/v2\/posts\/174770","targetHints":{"allow":["GET"]}}],"collection":[{"href":"https:\/\/staging.ivg.it\/ediapi\/wp\/v2\/posts"}],"about":[{"href":"https:\/\/staging.ivg.it\/ediapi\/wp\/v2\/types\/post"}],"author":[{"embeddable":true,"href":"https:\/\/staging.ivg.it\/ediapi\/wp\/v2\/users\/13744"}],"replies":[{"embeddable":true,"href":"https:\/\/staging.ivg.it\/ediapi\/wp\/v2\/comments?post=174770"}],"version-history":[{"count":0,"href":"https:\/\/staging.ivg.it\/ediapi\/wp\/v2\/posts\/174770\/revisions"}],"wp:attachment":[{"href":"https:\/\/staging.ivg.it\/ediapi\/wp\/v2\/media?parent=174770"}],"wp:term":[{"taxonomy":"category","embeddable":true,"href":"https:\/\/staging.ivg.it\/ediapi\/wp\/v2\/categories?post=174770"},{"taxonomy":"post_tag","embeddable":true,"href":"https:\/\/staging.ivg.it\/ediapi\/wp\/v2\/tags?post=174770"}],"curies":[{"name":"wp","href":"https:\/\/api.w.org\/{rel}","templated":true}]}}