{"id":174707,"date":"2011-07-11T19:20:17","date_gmt":"2011-07-11T17:20:17","guid":{"rendered":"http:\/\/www.ivg.it\/?p=174707"},"modified":"2011-07-12T13:01:00","modified_gmt":"2011-07-12T11:01:00","slug":"crac-ferrero-si-e-fatta-giustizia-rebella-e-stata-una-vittima","status":"publish","type":"post","link":"https:\/\/staging.ivg.it\/2011\/07\/crac-ferrero-si-e-fatta-giustizia-rebella-e-stata-una-vittima\/","title":{"rendered":"Crac Ferrero: \u201cSi \u00e8 fatta giustizia, Rebella \u00e8 stato una vittima\u201d"},"content":{"rendered":"<p><strong>Savona.<\/strong> &#8220;Il ragionier Rebella \u00e8 stato solo una vittima degli eventi del crac che ha interessato la cooperativa Nuova Ferrero Impianti di Altare e la sentenza di oggi dimostra che la verit\u00e0 processuale \u00e8 coincisa con quella reale&#8221;. Questo il commento degli avvocati Gianfranco Nasuti e Andrea Argenta sull&#8217;assoluzione di Giorgio Rebella, finito sul banco degli imputati con le accuse di bancarotta fraudolenta documentale-patrimoniale e truffa.<\/p>\n<p>&#8220;Si \u00e8 fatta finalmente giustizia riguardo alla mia persona e la verit\u00e0 \u00e8 venuta alla luce nel corso delle fasi del dibattimento &#8211; ha detto Rebella &#8211; Non ho mai truffato la cooperativa o ingannato i soci, anzi mi sono adoperato con tutte le mie forze per salvare la situazione debitoria, rimettendoci anche 400 mila euro. Questa sentenza la dedico a tutti i familiari e amici che dall&#8217;arresto del 2007 ad oggi mi sono stati vicini, oltre ad un ringraziamento ai miei legali che hanno avuto un ruolo importante anche dal punto di vista umano&#8221; ha concluso Rebella.<\/p>\n","protected":false},"excerpt":{"rendered":"<p>Savona. &#8220;Il ragionier Rebella \u00e8 stato solo una vittima degli eventi del crac che ha interessato la cooperativa Nuova Ferrero Impianti di Altare e la sentenza di oggi dimostra che la verit\u00e0 processuale \u00e8 coincisa con quella reale&#8221;. Questo il commento degli avvocati Gianfranco Nasuti e Andrea Argenta sull&#8217;assoluzione di Giorgio Rebella, finito sul banco [&hellip;]<\/p>\n","protected":false},"author":13744,"featured_media":0,"comment_status":"open","ping_status":"closed","sticky":false,"template":"","format":"standard","meta":{"footnotes":""},"categories":[34],"tags":[85871,4053,85850],"class_list":["post-174707","post","type-post","status-publish","format-standard","hentry","category-cronaca","tag-altare","tag-rebella","tag-savona","post_cat_citta-altare","post_cat_citta-andora"],"amp_validity":null,"amp_enabled":true,"_links":{"self":[{"href":"https:\/\/staging.ivg.it\/ediapi\/wp\/v2\/posts\/174707","targetHints":{"allow":["GET"]}}],"collection":[{"href":"https:\/\/staging.ivg.it\/ediapi\/wp\/v2\/posts"}],"about":[{"href":"https:\/\/staging.ivg.it\/ediapi\/wp\/v2\/types\/post"}],"author":[{"embeddable":true,"href":"https:\/\/staging.ivg.it\/ediapi\/wp\/v2\/users\/13744"}],"replies":[{"embeddable":true,"href":"https:\/\/staging.ivg.it\/ediapi\/wp\/v2\/comments?post=174707"}],"version-history":[{"count":0,"href":"https:\/\/staging.ivg.it\/ediapi\/wp\/v2\/posts\/174707\/revisions"}],"wp:attachment":[{"href":"https:\/\/staging.ivg.it\/ediapi\/wp\/v2\/media?parent=174707"}],"wp:term":[{"taxonomy":"category","embeddable":true,"href":"https:\/\/staging.ivg.it\/ediapi\/wp\/v2\/categories?post=174707"},{"taxonomy":"post_tag","embeddable":true,"href":"https:\/\/staging.ivg.it\/ediapi\/wp\/v2\/tags?post=174707"}],"curies":[{"name":"wp","href":"https:\/\/api.w.org\/{rel}","templated":true}]}}