{"id":174518,"date":"2011-07-11T08:43:29","date_gmt":"2011-07-11T06:43:29","guid":{"rendered":"http:\/\/www.ivg.it\/?p=174518"},"modified":"2011-07-11T10:25:53","modified_gmt":"2011-07-11T08:25:53","slug":"sandro-veronesi-ad-alassio-per-il-premio-100-libri","status":"publish","type":"post","link":"https:\/\/staging.ivg.it\/2011\/07\/sandro-veronesi-ad-alassio-per-il-premio-100-libri\/","title":{"rendered":"Sandro Veronesi ad Alassio per il premio &#8220;100 libri&#8221;"},"content":{"rendered":"<p><strong>Alassio.<\/strong> Prosegue, ad Alassio, la rassegna dedicata ai finalisti del Premio letterario \u201cAlassio 100 libri \u2013  Un Autore per l\u2019Europa\u201d, promosso dall\u2019Assessorato alla Cultura e Turismo.<\/p>\n<p>In attesa di conoscere il nome del vincitore, che sar\u00e0 designato dalla commissione di professori Italianisti presso le Universit\u00e0 straniere in Europa, nella \u201ccitt\u00e0 del muretto\u201d giungeranno i finalisti selezionati dalla commissione tecnica, coordinata dal professor Giovanni Bogliolo, gi\u00e0 Magnifico Rettore dell\u2019Universit\u00e0 di Urbino.<\/p>\n<p>Domani, marted\u00ec 12 luglio, il secondo appuntamento della rassegna letteraria ospiter\u00e0 la presentazione del romanzo \u201cXY\u201d (Fandango Libri) di Sandro Veronesi. In Piazza del Comune, dalle ore 21.30, lo scrittore toscano, che nel  2000 ha vinto il Campiello (e il Viareggio) con \u201cLa forza del passato\u201d e nel 2006 si \u00e8 aggiudicato lo \u201cStrega\u201d con \u201cCaos Calmo\u201d (romanzo da cui \u00e8 stato tratto un film di successo con Nanni Moretti, Valeria Golino, Alessandro Gassman e Isabella Ferrari e Antonello Grimaldi alla regia) racconter\u00e0 ci\u00f2 che pi\u00f9 caratterizza la sua scrittura.<\/p>\n<p>\u201cXY\u201d \u00e8 un romanzo profondo in cui emerge la scrittura avvolgente di Veronesi.  \u201cUn albero ghiacciato, di un rosso vivo, pulsante, intriso di sangue. \u00c8 la prima immagine che appare a Don Ermete, Zeno e Sauro.  Una strage indicibile si \u00e8 consumata ai piedi di quell\u2019albero, e solo una prodigiosa nevicata ha lenito l\u2019orrore di undici corpi straziati da undici cause di morte diverse, avvenute contemporaneamente, in un lampo. I quarantadue abitanti di Borgo San Giuda si ritrovano al centro del mondo mediatico e, semplici testimoni del male, scivolano nella follia. Il parroco del paese , Don Ermete, che non vuole abbandonare la sua gente, e Giovanna Gassion \u2013 giovane psichiatra della ASL \u2013 si ritrovano alle prese con questo efferato delitto. X e Y, uomo e donna, fede e scienza si incontrano e si scontrano nell\u2019assurda danza del male\u201d.<\/p>\n<p>La rassegna di incontri con i finalisti proseguir\u00e0 fino al 5 agosto. Il 29 luglio, Alessandro Mari sar\u00e0 ospite di Alassio con il suo romanzo d\u2019esordio \u201cTroppo umana speranza\u201d (Feltrinelli). Il 3 agosto sar\u00e0 la volta del romanzo del risorgimento \u201cI traditori\u201d (Einaudi) di Giancarlo De Cataldo e il 5 agosto del romanzo storico, sentimentale e d\u2019avventura \u201cLa nota segreta\u201d (Longanesi) di Marta Morazzoni  La cerimonia di premiazione del &#8220;Premio Alassio 100 libri \u2013  Un Autore per l\u2019Europa&#8221;, si svolger\u00e0 sabato 10 settembre.<\/p>\n","protected":false},"excerpt":{"rendered":"<p>Alassio. Prosegue, ad Alassio, la rassegna dedicata ai finalisti del Premio letterario \u201cAlassio 100 libri \u2013 Un Autore per l\u2019Europa\u201d, promosso dall\u2019Assessorato alla Cultura e Turismo. In attesa di conoscere il nome del vincitore, che sar\u00e0 designato dalla commissione di professori Italianisti presso le Universit\u00e0 straniere in Europa, nella \u201ccitt\u00e0 del muretto\u201d giungeranno i finalisti [&hellip;]<\/p>\n","protected":false},"author":13744,"featured_media":0,"comment_status":"open","ping_status":"closed","sticky":false,"template":"","format":"standard","meta":{"footnotes":""},"categories":[],"tags":[85824,2417,1006,6953],"class_list":["post-174518","post","type-post","status-publish","format-standard","hentry","tag-alassio","tag-libro","tag-premio-letterario","tag-scrittore","post_cat_citta-alassio"],"amp_validity":null,"amp_enabled":true,"_links":{"self":[{"href":"https:\/\/staging.ivg.it\/ediapi\/wp\/v2\/posts\/174518","targetHints":{"allow":["GET"]}}],"collection":[{"href":"https:\/\/staging.ivg.it\/ediapi\/wp\/v2\/posts"}],"about":[{"href":"https:\/\/staging.ivg.it\/ediapi\/wp\/v2\/types\/post"}],"author":[{"embeddable":true,"href":"https:\/\/staging.ivg.it\/ediapi\/wp\/v2\/users\/13744"}],"replies":[{"embeddable":true,"href":"https:\/\/staging.ivg.it\/ediapi\/wp\/v2\/comments?post=174518"}],"version-history":[{"count":0,"href":"https:\/\/staging.ivg.it\/ediapi\/wp\/v2\/posts\/174518\/revisions"}],"wp:attachment":[{"href":"https:\/\/staging.ivg.it\/ediapi\/wp\/v2\/media?parent=174518"}],"wp:term":[{"taxonomy":"category","embeddable":true,"href":"https:\/\/staging.ivg.it\/ediapi\/wp\/v2\/categories?post=174518"},{"taxonomy":"post_tag","embeddable":true,"href":"https:\/\/staging.ivg.it\/ediapi\/wp\/v2\/tags?post=174518"}],"curies":[{"name":"wp","href":"https:\/\/api.w.org\/{rel}","templated":true}]}}