{"id":174158,"date":"2011-07-08T14:18:49","date_gmt":"2011-07-08T12:18:49","guid":{"rendered":"http:\/\/www.ivg.it\/?p=174158"},"modified":"2011-07-08T19:16:11","modified_gmt":"2011-07-08T17:16:11","slug":"italiana-coke-i-sindacati-chiedono-tavolo-istituzionale-teniamo-conto-di-centinaia-di-lavoratori","status":"publish","type":"post","link":"https:\/\/staging.ivg.it\/2011\/07\/italiana-coke-i-sindacati-chiedono-tavolo-istituzionale-teniamo-conto-di-centinaia-di-lavoratori\/","title":{"rendered":"Italiana Coke, i sindacati chiedono tavolo istituzionale: \u201cTeniamo conto di centinaia di lavoratori\u201d"},"content":{"rendered":"<p><strong>Cairo Montenotte<\/strong>. Un tavolo istituzionale dal quale possa uscire un accordo per garantire il mantenimento produttivo e occupazionale dell&#8217;Italiana Coke. Lo chiedono i sindacati, che oggi hanno inviato una lettera alla Regione, alla Provincia di Savona e al Comune di Cairo Montenotte. Le ordinanze per imporre il rispetto delle prescrizioni ambientali e il monito dell&#8217;assessore regionale Renata Briano all&#8217;azienda suonano come un campanello d&#8217;allarme per le organizzazioni sindacali, che temono ripercussioni sui lavoratori: circa 400 addetti, da conteggiare insieme con gli operatori delle Funivie, un centinaio, e tutto l&#8217;indotto. <\/p>\n<p>&#8220;Siamo preoccupati e un po&#8217; arrabbiati &#8211; esordisce Fulvio Berruti, segretario provinciale di Filcem Cgil &#8211; Bisogna mettere in moto un percorso coinvolgendo le istituzioni, per avere una visione globale del problema, non una visione a compartimenti stagni. Vorremmo capire se si tratta di ordinanze pertinenti. Non intendiamo invadere campi che non ci riguardano, ma desideriamo inquadrare la problematica da un punto di vista politico e sindacale. Qui si tratta di un&#8217;azienda che ha fatto investimenti rilevanti, che ha atteso sei anni di gestazione per ottenere l&#8217;AIA e che \u00e8 una delle pi\u00f9 grandi realt\u00e0 economiche della provincia savonese&#8221;. <\/p>\n<p>Comitati valbormidesi avevano segnalato alcune criticit\u00e0 ambientali che poi sono passate all&#8217;attenzione della Procura della Repubblica e della Regione, che ha appena tirato le somme sui dati dei sopralluoghi dell&#8217;Arpal effettuati a giugno nello stabilimento. Secondo l&#8217;assessorato all&#8217;ambiente della Regione, sulla scorta dei pareri di Asl e Arpal, sarebbero emerse incongruenze tra quanto previsto dall&#8217;autorizzazione integrata ambientale e quanto effettivamente attuato dall&#8217;azienda. Nel mirino c&#8217;\u00e8 lo smaltimento illecito di sostanze, l&#8217;accensione della torcia generale senza interruzione (e non solo in caso di emergenza, il riutilizzo nel ciclo della lavorazione di sottoprodotti-scarto. <\/p>\n<p>&#8220;La cokeria deve mantenere gli standard di sicurezza imposti &#8211; sottolinea Berruti &#8211; E&#8217; altrettanto certo, per\u00f2, che come si considera la sicurezza dei cittadini che vivono fuori dalle cinta dello stabilimento, bisogna tenere conto della sicurezza e delle ragioni dei lavoratori. Quindi \u00e8 opportuno realizzare un tavolo istituzionale. Si tratta di un&#8217;azienda chiave della Valbormida e della provincia, che ha assunto 40 persone espulse dal ciclo produttivo di Ferrania, capace di mettere in campo grandi investimenti&#8221;. <\/p>\n","protected":false},"excerpt":{"rendered":"<p>Cairo Montenotte. Un tavolo istituzionale dal quale possa uscire un accordo per garantire il mantenimento produttivo e occupazionale dell&#8217;Italiana Coke. Lo chiedono i sindacati, che oggi hanno inviato una lettera alla Regione, alla Provincia di Savona e al Comune di Cairo Montenotte. Le ordinanze per imporre il rispetto delle prescrizioni ambientali e il monito dell&#8217;assessore [&hellip;]<\/p>\n","protected":false},"author":13744,"featured_media":0,"comment_status":"open","ping_status":"closed","sticky":false,"template":"","format":"standard","meta":{"footnotes":""},"categories":[35],"tags":[507,5854,1817,3251],"class_list":["post-174158","post","type-post","status-publish","format-standard","hentry","category-economia","tag-cgil","tag-fulvio-berruti","tag-industria","tag-italiana-coke","post_cat_citta-cairo-montenotte"],"amp_validity":null,"amp_enabled":true,"_links":{"self":[{"href":"https:\/\/staging.ivg.it\/ediapi\/wp\/v2\/posts\/174158","targetHints":{"allow":["GET"]}}],"collection":[{"href":"https:\/\/staging.ivg.it\/ediapi\/wp\/v2\/posts"}],"about":[{"href":"https:\/\/staging.ivg.it\/ediapi\/wp\/v2\/types\/post"}],"author":[{"embeddable":true,"href":"https:\/\/staging.ivg.it\/ediapi\/wp\/v2\/users\/13744"}],"replies":[{"embeddable":true,"href":"https:\/\/staging.ivg.it\/ediapi\/wp\/v2\/comments?post=174158"}],"version-history":[{"count":0,"href":"https:\/\/staging.ivg.it\/ediapi\/wp\/v2\/posts\/174158\/revisions"}],"wp:attachment":[{"href":"https:\/\/staging.ivg.it\/ediapi\/wp\/v2\/media?parent=174158"}],"wp:term":[{"taxonomy":"category","embeddable":true,"href":"https:\/\/staging.ivg.it\/ediapi\/wp\/v2\/categories?post=174158"},{"taxonomy":"post_tag","embeddable":true,"href":"https:\/\/staging.ivg.it\/ediapi\/wp\/v2\/tags?post=174158"}],"curies":[{"name":"wp","href":"https:\/\/api.w.org\/{rel}","templated":true}]}}