{"id":173962,"date":"2011-07-07T17:19:29","date_gmt":"2011-07-07T15:19:29","guid":{"rendered":"http:\/\/www.ivg.it\/?p=173962"},"modified":"2011-07-08T09:02:29","modified_gmt":"2011-07-08T07:02:29","slug":"telerobot-cassa-integrazione-per-7-lavoratori-fiom-cgil-il-settore-meccanico-savonese-rischia-di-scomparire","status":"publish","type":"post","link":"https:\/\/staging.ivg.it\/2011\/07\/telerobot-cassa-integrazione-per-7-lavoratori-fiom-cgil-il-settore-meccanico-savonese-rischia-di-scomparire\/","title":{"rendered":"Telerobot, cassa integrazione per 7 lavoratori. Fiom Cgil: \u201cIl settore meccanico savonese rischia di scomparire\u201d"},"content":{"rendered":"<p><strong>Quiliano<\/strong>. Quadro a tinte fosche per la Telerobot di Valleggia. Le novit\u00e0 non sono per nulla incoraggianti per lo stabilimento, secondo quanto emerge dall&#8217;incontro fra sindacati e azienda appena terminato all&#8217;Unione Industriali di Savona. E&#8217; prospettiva certa il licenziamento di 7 persone che, come sottolineato oggi dalla dirigenza, costituiscono un esubero a fronte della difficile situazione finanziaria.<\/p>\n<p>La Telerobot, che ha conglobato la Ocem, rendendo il settore automotive la mission predominante rispetto alla stretta meccanica, ha chiuso il 2011 con un fatturato di 1 milione e 200 mila euro. Cifre esigue rispetto ai colossi che operano nello stesso ramo industriale. Numeri comunque migliori di netto rispetto al 2010, chiuso a 600 mila euro, ma lontanissimi dai 3 milioni, per esempio, del 2008.<\/p>\n<p>&#8220;L&#8217;azienda purtroppo riconosce grosse difficolt\u00e0 come gruppo, allineata alla crisi del settore metalmeccanico che si in provincia di Savona si sta letteralmente sgretolando &#8211; afferma Andrea Pasa, segretario della Fiom Cgil Savona &#8211; Negli ultimi mesi qualcosa si sta muovendo in termini di ripresa, grazie a clienti storici come Ansaldo e Fincantieri. Ma i dati presentati oggi dalla societ\u00e0 mostrano un futuro difficile. L&#8217;azienda ha sottolineato la volont\u00e0 di dare continuit\u00e0 al sito di Valleggia&#8221;.<\/p>\n<p>Le unit\u00e0 in forza alla Telerobot quilianese passeranno da 23 a 16. &#8220;Abbiamo dichiarato la nostra contrariet\u00e0 a percorsi radicali &#8211; spiega il sindacalista &#8211; Abbiamo raggiunto un accordo sulla cassa integrazione in deroga sino al 30 novembre, per un massimo di 12 lavoratori, con l&#8217;impegno di trovare soluzioni per i previsti 7 lavoratori in esubero&#8221;.<\/p>\n<p>La dirigenza aziendale, intanto, sta verificando se vi sono possibilit\u00e0 di portare nello stabilimento di Valleggia nuove linee produttive, come le attivit\u00e0 aeronautiche di Piaggio. Sono in corso inoltre contatti con una serie di imprenditori che sarebbero intenzionati a rilevare l&#8217;azienda al suo stato attuale.<\/p>\n<p>Sembra suonare il requiem per tutte le aziende specializzate nelle lavorazioni meccaniche. E&#8217; notizia recente la mancata ricapitalizzazione della Viglietti Aero Spa di Cairo, destinata alla liquidazione. &#8220;Il caso della Viglietti \u00e8 emblematico &#8211; constata Pasa &#8211; Il settore della produzione meccanica in provincia di Savona rischia di sparire&#8221;.<\/p>\n","protected":false},"excerpt":{"rendered":"<p>Quiliano. Quadro a tinte fosche per la Telerobot di Valleggia. Le novit\u00e0 non sono per nulla incoraggianti per lo stabilimento, secondo quanto emerge dall&#8217;incontro fra sindacati e azienda appena terminato all&#8217;Unione Industriali di Savona. E&#8217; prospettiva certa il licenziamento di 7 persone che, come sottolineato oggi dalla dirigenza, costituiscono un esubero a fronte della difficile [&hellip;]<\/p>\n","protected":false},"author":13744,"featured_media":0,"comment_status":"open","ping_status":"closed","sticky":false,"template":"","format":"standard","meta":{"footnotes":""},"categories":[35],"tags":[10033,1526,4898,85860,10392],"class_list":["post-173962","post","type-post","status-publish","format-standard","hentry","category-economia","tag-andrea-pasa","tag-cassa-integrazione","tag-fiom-cgil","tag-quiliano","tag-telerobot","post_cat_citta-quiliano"],"amp_validity":null,"amp_enabled":true,"_links":{"self":[{"href":"https:\/\/staging.ivg.it\/ediapi\/wp\/v2\/posts\/173962","targetHints":{"allow":["GET"]}}],"collection":[{"href":"https:\/\/staging.ivg.it\/ediapi\/wp\/v2\/posts"}],"about":[{"href":"https:\/\/staging.ivg.it\/ediapi\/wp\/v2\/types\/post"}],"author":[{"embeddable":true,"href":"https:\/\/staging.ivg.it\/ediapi\/wp\/v2\/users\/13744"}],"replies":[{"embeddable":true,"href":"https:\/\/staging.ivg.it\/ediapi\/wp\/v2\/comments?post=173962"}],"version-history":[{"count":0,"href":"https:\/\/staging.ivg.it\/ediapi\/wp\/v2\/posts\/173962\/revisions"}],"wp:attachment":[{"href":"https:\/\/staging.ivg.it\/ediapi\/wp\/v2\/media?parent=173962"}],"wp:term":[{"taxonomy":"category","embeddable":true,"href":"https:\/\/staging.ivg.it\/ediapi\/wp\/v2\/categories?post=173962"},{"taxonomy":"post_tag","embeddable":true,"href":"https:\/\/staging.ivg.it\/ediapi\/wp\/v2\/tags?post=173962"}],"curies":[{"name":"wp","href":"https:\/\/api.w.org\/{rel}","templated":true}]}}