{"id":173783,"date":"2011-07-07T09:59:02","date_gmt":"2011-07-07T07:59:02","guid":{"rendered":"http:\/\/www.ivg.it\/?p=173783"},"modified":"2011-07-07T13:25:31","modified_gmt":"2011-07-07T11:25:31","slug":"ceriale-la-battaglia-di-una-figlia-contro-un-padre-latitante","status":"publish","type":"post","link":"https:\/\/staging.ivg.it\/2011\/07\/ceriale-la-battaglia-di-una-figlia-contro-un-padre-latitante\/","title":{"rendered":"Ceriale, la battaglia di una figlia contro un padre \u201clatitante\u201d"},"content":{"rendered":"<p><strong>Ceriale. <\/strong>Sono pi\u00f9 di 18 anni che Maria &#8211; utilizziamo un nome di fantasia per rispettare la privacy della giovane &#8211; vive senza suo padre. Un uomo che non l&#8217;ha mai riconosciuta come propria figlia e che, dunque, non ha mai provveduto al suo sostentamento.<\/p>\n<p>Ora la ragazza, che vive a Ceriale, sta lottando contro quel genitore latitante al quale chiede di prendersi cura di lei. Prima di tutto, economicamente. I tempi sono duri, la mamma che l&#8217;ha cresciuta da sola in tutti questi anni non riesce pi\u00f9 a far fronte a tutte le spese, e le due donne sono ricorse alla giustizia per il riconoscimento di paternit\u00e0 e il conseguente rimborso degli alimenti mai versati in tutti questi 18 anni. La prima udienza si terr\u00e0 il 15 luglio, durante la quale Maria sar\u00e0 assistita dagli avvocati Giuseppe Fossati e Alessandro Chiriv\u00ec.<\/p>\n","protected":false},"excerpt":{"rendered":"<p>Ceriale. Sono pi\u00f9 di 18 anni che Maria &#8211; utilizziamo un nome di fantasia per rispettare la privacy della giovane &#8211; vive senza suo padre. Un uomo che non l&#8217;ha mai riconosciuta come propria figlia e che, dunque, non ha mai provveduto al suo sostentamento. Ora la ragazza, che vive a Ceriale, sta lottando contro [&hellip;]<\/p>\n","protected":false},"author":2620,"featured_media":0,"comment_status":"open","ping_status":"closed","sticky":false,"template":"","format":"standard","meta":{"footnotes":""},"categories":[34],"tags":[85855,34328,2170],"class_list":["post-173783","post","type-post","status-publish","format-standard","hentry","category-cronaca","tag-ceriale","tag-paternita","tag-tribunale","post_cat_citta-ceriale"],"amp_validity":null,"amp_enabled":true,"_links":{"self":[{"href":"https:\/\/staging.ivg.it\/ediapi\/wp\/v2\/posts\/173783","targetHints":{"allow":["GET"]}}],"collection":[{"href":"https:\/\/staging.ivg.it\/ediapi\/wp\/v2\/posts"}],"about":[{"href":"https:\/\/staging.ivg.it\/ediapi\/wp\/v2\/types\/post"}],"author":[{"embeddable":true,"href":"https:\/\/staging.ivg.it\/ediapi\/wp\/v2\/users\/2620"}],"replies":[{"embeddable":true,"href":"https:\/\/staging.ivg.it\/ediapi\/wp\/v2\/comments?post=173783"}],"version-history":[{"count":0,"href":"https:\/\/staging.ivg.it\/ediapi\/wp\/v2\/posts\/173783\/revisions"}],"wp:attachment":[{"href":"https:\/\/staging.ivg.it\/ediapi\/wp\/v2\/media?parent=173783"}],"wp:term":[{"taxonomy":"category","embeddable":true,"href":"https:\/\/staging.ivg.it\/ediapi\/wp\/v2\/categories?post=173783"},{"taxonomy":"post_tag","embeddable":true,"href":"https:\/\/staging.ivg.it\/ediapi\/wp\/v2\/tags?post=173783"}],"curies":[{"name":"wp","href":"https:\/\/api.w.org\/{rel}","templated":true}]}}