{"id":173096,"date":"2011-07-04T15:25:59","date_gmt":"2011-07-04T13:25:59","guid":{"rendered":"http:\/\/www.ivg.it\/?p=173096"},"modified":"2011-07-04T15:25:59","modified_gmt":"2011-07-04T13:25:59","slug":"albenga-vannucci-giusto-celebrare-il-giorno-dellindipendenza-degli-stati-uniti","status":"publish","type":"post","link":"https:\/\/staging.ivg.it\/2011\/07\/albenga-vannucci-giusto-celebrare-il-giorno-dellindipendenza-degli-stati-uniti\/","title":{"rendered":"Albenga, Vannucci: &#8220;Giusto celebrare il Giorno dell&#8217;Indipendenza degli Stati Uniti&#8221;"},"content":{"rendered":"<p><strong>Albenga<\/strong>. &#8220;Ho accolto con piacere la notizia che ad Albenga \u00e8 prevista un festa per commemorare il Giorno di Indipendenza degli Stati Uniti, ricorrenza americana ma anche occasione per celebrare il messaggio di libert\u00e0 e di uguaglianza che, da oltreoceano, ha poi caratterizzato le democrazie occidentali. Un evento che si inserisce perfettamente nel calendario delle manifestazioni estive, non a caso chiamato &#8216;Living in Albenga&#8217;, in onore della canzone patriottica &#8216;Living in America&#8217; del grande James Brown&#8221;. Cos\u00ec dichiara Mauro Vannucci, assessore a Turismo, Spettacolo, Manifestazioni del Comune di Albenga, in merito al previsto &#8220;American Party&#8221; che si svolger\u00e0 presso la Spiaggia d&#8217;Arbenga, come apertura della stagione dei &#8220;Luned\u00ec di Festa in Spiaggia&#8221; a cura di Sotto Il Beach e MarEventi, e per celebrare la ricorrenza del 4 luglio, Giorno dell&#8217;Indipendenza degli Stati Uniti.<\/p>\n<p>&#8220;\u00c8 molto positivo che anche nella nostra citt\u00e0, in attesa dell&#8217;arrivo di Nek il 14 luglio &#8211; prosegue Vannucci -, si festeggi il compleanno della pi\u00f9 grande e antica democrazia del mondo, nonch\u00e9 del paese a noi alleato che ci ha liberato dal nazifascismo, ma soprattutto \u00e8 significativo il fatto che, per la prima volta, questo genere di manifestazione si svolga proprio in Viale Che Guevara, icona della rivoluzione marxista e del comunismo in tutto il mondo&#8221;.<\/p>\n<p>&#8220;\u00c8 poco edificante, infatti, che Albenga vi sia una strada importante intitolata in memoria di un individuo al quale sono attribuite centinaia di esecuzioni e uccisioni sommarie: sebbene non sia nostra intenzione cambiare i nomi alle strade, a causa dei numerosi problemi e disagi legati alle variazioni di toponomastica per i cittadini e le imprese, eventi come questo &#8211; conclude &#8211; servono a ricordarci quali sono i valori fondanti del mondo libero, e a rimarcare i concetti fondamentali di democrazia, libert\u00e0 e giustizia. Buon compleanno, America!&#8221;.<\/p>\n","protected":false},"excerpt":{"rendered":"<p>Albenga. &#8220;Ho accolto con piacere la notizia che ad Albenga \u00e8 prevista un festa per commemorare il Giorno di Indipendenza degli Stati Uniti, ricorrenza americana ma anche occasione per celebrare il messaggio di libert\u00e0 e di uguaglianza che, da oltreoceano, ha poi caratterizzato le democrazie occidentali. Un evento che si inserisce perfettamente nel calendario delle [&hellip;]<\/p>\n","protected":false},"author":13744,"featured_media":0,"comment_status":"open","ping_status":"closed","sticky":false,"template":"","format":"standard","meta":{"footnotes":""},"categories":[],"tags":[85841,19425],"class_list":["post-173096","post","type-post","status-publish","format-standard","hentry","tag-albenga","tag-mauro-vannucci","post_cat_citta-albenga"],"amp_validity":null,"amp_enabled":true,"_links":{"self":[{"href":"https:\/\/staging.ivg.it\/ediapi\/wp\/v2\/posts\/173096","targetHints":{"allow":["GET"]}}],"collection":[{"href":"https:\/\/staging.ivg.it\/ediapi\/wp\/v2\/posts"}],"about":[{"href":"https:\/\/staging.ivg.it\/ediapi\/wp\/v2\/types\/post"}],"author":[{"embeddable":true,"href":"https:\/\/staging.ivg.it\/ediapi\/wp\/v2\/users\/13744"}],"replies":[{"embeddable":true,"href":"https:\/\/staging.ivg.it\/ediapi\/wp\/v2\/comments?post=173096"}],"version-history":[{"count":0,"href":"https:\/\/staging.ivg.it\/ediapi\/wp\/v2\/posts\/173096\/revisions"}],"wp:attachment":[{"href":"https:\/\/staging.ivg.it\/ediapi\/wp\/v2\/media?parent=173096"}],"wp:term":[{"taxonomy":"category","embeddable":true,"href":"https:\/\/staging.ivg.it\/ediapi\/wp\/v2\/categories?post=173096"},{"taxonomy":"post_tag","embeddable":true,"href":"https:\/\/staging.ivg.it\/ediapi\/wp\/v2\/tags?post=173096"}],"curies":[{"name":"wp","href":"https:\/\/api.w.org\/{rel}","templated":true}]}}