{"id":172930,"date":"2011-07-03T18:30:27","date_gmt":"2011-07-03T16:30:27","guid":{"rendered":"http:\/\/www.ivg.it\/?p=172930"},"modified":"2011-07-04T14:13:17","modified_gmt":"2011-07-04T12:13:17","slug":"albenga-scontro-tra-unauto-e-una-moto-in-galleria-due-feriti","status":"publish","type":"post","link":"https:\/\/staging.ivg.it\/2011\/07\/albenga-scontro-tra-unauto-e-una-moto-in-galleria-due-feriti\/","title":{"rendered":"Albenga, scontro tra un\u2019auto e una moto in galleria: due feriti"},"content":{"rendered":"<p><strong>Albenga<\/strong>. Un&#8217;automobile e una moto si sono scontrate questa mattina, per circostanze ancora da chiarire, all&#8217;interno della galleria della via Aurelia tra Albenga e Alassio.<\/p>\n<p>Nell&#8217;incidente, avvenuto intorno alle 11,40, l&#8217;auto ha sbattuto contro il guardrail e si \u00e8 capottata, mentre il motociclista \u00e8 stato disarcionato ed \u00e8 caduto a terra. Sul posto sono giunte due vetture della Croce Bianca di Albenga, l&#8217;automedica del 118 e i vigili del fuoco.<\/p>\n<p>Il conducente dell&#8217;auto \u00e8 stato trasportato in codice giallo all&#8217;ospedale di Albenga, mentre il centauro \u00e8 stato condotto, anch&#8217;egli in codice giallo, al Santa Corona di Pietra Ligure. Non sono in pericolo di vita.<\/p>\n","protected":false},"excerpt":{"rendered":"<p>Albenga. Un&#8217;automobile e una moto si sono scontrate questa mattina, per circostanze ancora da chiarire, all&#8217;interno della galleria della via Aurelia tra Albenga e Alassio. Nell&#8217;incidente, avvenuto intorno alle 11,40, l&#8217;auto ha sbattuto contro il guardrail e si \u00e8 capottata, mentre il motociclista \u00e8 stato disarcionato ed \u00e8 caduto a terra. Sul posto sono giunte [&hellip;]<\/p>\n","protected":false},"author":13744,"featured_media":0,"comment_status":"open","ping_status":"closed","sticky":false,"template":"","format":"standard","meta":{"footnotes":""},"categories":[34],"tags":[85841,2833,309,3847],"class_list":["post-172930","post","type-post","status-publish","format-standard","hentry","category-cronaca","tag-albenga","tag-croce-bianca","tag-incidente","tag-via-aurelia","post_cat_citta-albenga"],"amp_validity":null,"amp_enabled":true,"_links":{"self":[{"href":"https:\/\/staging.ivg.it\/ediapi\/wp\/v2\/posts\/172930","targetHints":{"allow":["GET"]}}],"collection":[{"href":"https:\/\/staging.ivg.it\/ediapi\/wp\/v2\/posts"}],"about":[{"href":"https:\/\/staging.ivg.it\/ediapi\/wp\/v2\/types\/post"}],"author":[{"embeddable":true,"href":"https:\/\/staging.ivg.it\/ediapi\/wp\/v2\/users\/13744"}],"replies":[{"embeddable":true,"href":"https:\/\/staging.ivg.it\/ediapi\/wp\/v2\/comments?post=172930"}],"version-history":[{"count":0,"href":"https:\/\/staging.ivg.it\/ediapi\/wp\/v2\/posts\/172930\/revisions"}],"wp:attachment":[{"href":"https:\/\/staging.ivg.it\/ediapi\/wp\/v2\/media?parent=172930"}],"wp:term":[{"taxonomy":"category","embeddable":true,"href":"https:\/\/staging.ivg.it\/ediapi\/wp\/v2\/categories?post=172930"},{"taxonomy":"post_tag","embeddable":true,"href":"https:\/\/staging.ivg.it\/ediapi\/wp\/v2\/tags?post=172930"}],"curies":[{"name":"wp","href":"https:\/\/api.w.org\/{rel}","templated":true}]}}