{"id":172781,"date":"2011-07-02T16:05:35","date_gmt":"2011-07-02T14:05:35","guid":{"rendered":"http:\/\/www.ivg.it\/?p=172781"},"modified":"2011-07-02T16:05:35","modified_gmt":"2011-07-02T14:05:35","slug":"scomparsa-lagorio-molteni-perdita-dolorosa-per-la-musica","status":"publish","type":"post","link":"https:\/\/staging.ivg.it\/2011\/07\/scomparsa-lagorio-molteni-perdita-dolorosa-per-la-musica\/","title":{"rendered":"Scomparsa Lagorio, Molteni: &#8220;Perdita dolorosa per la musica&#8221;"},"content":{"rendered":"<p><strong>Savona.<\/strong> &#8220;Ogni volta che muore un musicista l&#8217;umanit\u00e0 si ritrova pi\u00f9 povera. La morte del maestro Gianni Lagorio \u00e8 una perdita dolorosa per la sua famiglia, per i suoi allievi, i suoi amici e colleghi, ma \u00e8 anche una perdita per tutti quelli che non lo hanno conosciuto ma ne hanno apprezzato l&#8217;arte musicale. Sua o, indirettamente, dei suoi allievi&#8221;. Cos\u00ec il portavoce del Comune di Savona Ferdinando Molteni commenta la notizia della scomparsa del maestro Gianni Lagorio.<\/p>\n<p>&#8220;Il maestro Lagorio era un uomo umile e generoso. Per questo era molto amato. L&#8217;integrit\u00e0 della sua vita, la bellezza della sua missione educativa fanno di Gianni un esempio da additare. Gianni era uno di quei piccoli eroi del quotidiano che in mezzo a mille difficolt\u00e0 portava il verbo della musica, della cultura, dell&#8217;arte tra i banchi di una scuola media. Avremo sempre bisogno di uomini come il maestro Lagorio. Siamo stati fortunati ad averlo avuto&#8221; conclude Molteni.<\/p>\n","protected":false},"excerpt":{"rendered":"<p>Savona. &#8220;Ogni volta che muore un musicista l&#8217;umanit\u00e0 si ritrova pi\u00f9 povera. La morte del maestro Gianni Lagorio \u00e8 una perdita dolorosa per la sua famiglia, per i suoi allievi, i suoi amici e colleghi, ma \u00e8 anche una perdita per tutti quelli che non lo hanno conosciuto ma ne hanno apprezzato l&#8217;arte musicale. Sua [&hellip;]<\/p>\n","protected":false},"author":13744,"featured_media":0,"comment_status":"open","ping_status":"closed","sticky":false,"template":"","format":"standard","meta":{"footnotes":""},"categories":[],"tags":[85850],"class_list":["post-172781","post","type-post","status-publish","format-standard","hentry","tag-savona","post_cat_citta-andora"],"amp_validity":null,"amp_enabled":true,"_links":{"self":[{"href":"https:\/\/staging.ivg.it\/ediapi\/wp\/v2\/posts\/172781","targetHints":{"allow":["GET"]}}],"collection":[{"href":"https:\/\/staging.ivg.it\/ediapi\/wp\/v2\/posts"}],"about":[{"href":"https:\/\/staging.ivg.it\/ediapi\/wp\/v2\/types\/post"}],"author":[{"embeddable":true,"href":"https:\/\/staging.ivg.it\/ediapi\/wp\/v2\/users\/13744"}],"replies":[{"embeddable":true,"href":"https:\/\/staging.ivg.it\/ediapi\/wp\/v2\/comments?post=172781"}],"version-history":[{"count":0,"href":"https:\/\/staging.ivg.it\/ediapi\/wp\/v2\/posts\/172781\/revisions"}],"wp:attachment":[{"href":"https:\/\/staging.ivg.it\/ediapi\/wp\/v2\/media?parent=172781"}],"wp:term":[{"taxonomy":"category","embeddable":true,"href":"https:\/\/staging.ivg.it\/ediapi\/wp\/v2\/categories?post=172781"},{"taxonomy":"post_tag","embeddable":true,"href":"https:\/\/staging.ivg.it\/ediapi\/wp\/v2\/tags?post=172781"}],"curies":[{"name":"wp","href":"https:\/\/api.w.org\/{rel}","templated":true}]}}