{"id":172540,"date":"2011-07-01T16:46:27","date_gmt":"2011-07-01T14:46:27","guid":{"rendered":"http:\/\/www.ivg.it\/?p=172540"},"modified":"2011-07-01T16:46:27","modified_gmt":"2011-07-01T14:46:27","slug":"calcio-al-via-le-iscrizioni-al-settore-giovanile-del-legino-da-questanno-e-gratuito","status":"publish","type":"post","link":"https:\/\/staging.ivg.it\/2011\/07\/calcio-al-via-le-iscrizioni-al-settore-giovanile-del-legino-da-questanno-e-gratuito\/","title":{"rendered":"Calcio, al via le iscrizioni al settore giovanile del Legino: da quest&#8217;anno \u00e8 gratuito"},"content":{"rendered":"<p><strong>Savona<\/strong>. Il settore giovanile dell&#8217;U.S. Legino riprende la propria attivit\u00e0. Sono aperte le iscrizioni e domani, sabato 2 luglio dalle ore 18, presso il campo sportivo Fiorenzo Ruffinengo, sar\u00e0 presentata l&#8217;attivit\u00e0.<\/p>\n<p>Domani sar\u00e0 presente Stephan El Shaarawy, calciatore del Milan cresciuto nel Legino, il quale autografer\u00e0 un pallone che verr\u00e0 donato ad ogni nuovo iscritto.<\/p>\n<p>Da quest&#8217;anno, per venire incontro alle famiglie, la societ\u00e0 del presidente Pietro Carella ha lanciato una grossa novit\u00e0: i giovani che si iscriveranno ai corsi del sodalizio verdeblu non dovranno pagare nessuna quota e il materiale sportivo in dotazione ad ogni atleta sar\u00e0 egualmente gratuito.<\/p>\n","protected":false},"excerpt":{"rendered":"<p>Savona. Il settore giovanile dell&#8217;U.S. Legino riprende la propria attivit\u00e0. Sono aperte le iscrizioni e domani, sabato 2 luglio dalle ore 18, presso il campo sportivo Fiorenzo Ruffinengo, sar\u00e0 presentata l&#8217;attivit\u00e0. Domani sar\u00e0 presente Stephan El Shaarawy, calciatore del Milan cresciuto nel Legino, il quale autografer\u00e0 un pallone che verr\u00e0 donato ad ogni nuovo iscritto. [&hellip;]<\/p>\n","protected":false},"author":13744,"featured_media":0,"comment_status":"open","ping_status":"closed","sticky":false,"template":"","format":"standard","meta":{"footnotes":""},"categories":[32],"tags":[85989,86032,85850,33837],"class_list":["post-172540","post","type-post","status-publish","format-standard","hentry","category-sport","tag-calcio","tag-legino","tag-savona","tag-stephan-el-shaarawy","post_cat_citta-savona"],"amp_validity":null,"amp_enabled":true,"_links":{"self":[{"href":"https:\/\/staging.ivg.it\/ediapi\/wp\/v2\/posts\/172540","targetHints":{"allow":["GET"]}}],"collection":[{"href":"https:\/\/staging.ivg.it\/ediapi\/wp\/v2\/posts"}],"about":[{"href":"https:\/\/staging.ivg.it\/ediapi\/wp\/v2\/types\/post"}],"author":[{"embeddable":true,"href":"https:\/\/staging.ivg.it\/ediapi\/wp\/v2\/users\/13744"}],"replies":[{"embeddable":true,"href":"https:\/\/staging.ivg.it\/ediapi\/wp\/v2\/comments?post=172540"}],"version-history":[{"count":0,"href":"https:\/\/staging.ivg.it\/ediapi\/wp\/v2\/posts\/172540\/revisions"}],"wp:attachment":[{"href":"https:\/\/staging.ivg.it\/ediapi\/wp\/v2\/media?parent=172540"}],"wp:term":[{"taxonomy":"category","embeddable":true,"href":"https:\/\/staging.ivg.it\/ediapi\/wp\/v2\/categories?post=172540"},{"taxonomy":"post_tag","embeddable":true,"href":"https:\/\/staging.ivg.it\/ediapi\/wp\/v2\/tags?post=172540"}],"curies":[{"name":"wp","href":"https:\/\/api.w.org\/{rel}","templated":true}]}}