{"id":172084,"date":"2011-06-30T10:23:18","date_gmt":"2011-06-30T08:23:18","guid":{"rendered":"http:\/\/www.ivg.it\/?p=172084"},"modified":"2011-06-30T10:23:18","modified_gmt":"2011-06-30T08:23:18","slug":"da-tusla-in-riviera-albenga-ospita-52-bimbi-bosniaci","status":"publish","type":"post","link":"https:\/\/staging.ivg.it\/2011\/06\/da-tusla-in-riviera-albenga-ospita-52-bimbi-bosniaci\/","title":{"rendered":"Da Tusla in Riviera: Albenga ospita 52 bimbi bosniaci"},"content":{"rendered":"<p><strong>Albenga<\/strong>. &#8220;Pace, vogliamo pace per tutti, perch\u00e8 con la pace siamo tutti amici&#8221;. Sono queste alcune parole della poesia che i 52 bimbi bosniaci, provienienti da Tusla, terza citt\u00e0 pi\u00f9 popolosa della Bosnia- Erzegovina, hanno preparato per venire a salutare la citt\u00e0 di Albenga. Anche questa volta, come ogni anno oramai dal 2006, a fare gli onori di casa, il Centro anziani con un&#8217;equipe cucina, coordinata dalla Vice presidente Ausilia Don\u00e0 e impegnata, da ieri mattina e fino a questa sera, nel prepare i pranzi e la cena per i ragazzi.<\/p>\n<p>Un pomeriggio intero al mare, ospiti della spiaggia ingauna Miramare gestita dalla famiglia Vazio e una mattinata invece al grande parco acquatico Le Caravelle, con ingresso gratuito, a divertirsi in mezzo ai tantissimi giochi e attrazioni sull&#8217;acqua. A dormire, invece, ospiti della Diocesi di Albenga-Imperia presso la Casa di spiritualit\u00e0 Santa Maria Bel Fiore di Peagna. Un&#8217;iniziativa ancora una volta importante, espressione di una sinergica solidariet\u00e0 che, a partire dagli sponsor ingauni Fruttital, Fitimex, Noberasco, Caff\u00e8 Loco, Panetteria-pasticceria &#8220;Sapore di pane&#8221; e Coop Liguria, ha permesso ai nostri bimbi, oramai adottati a distanza, di trascorrere qualche giorno di vacanza estiva nel ponente savonese. Ieri sera, a cena con i bambini, anche il Sindaco Rosy Guarnieri, l\u00b4Assessore ai Servizi Sociali Eraldo Ciangherotti e l&#8217;Assessore al turismo Mauro Vannucci.<\/p>\n<p>&#8220;Grazie, ancora una volta, al Centro Anziani per la grande collaborazione offerta, ogni volta, a questa Amministrazione comunale &#8211; dichiara Eraldo Ciangherotti, Assessore ai Servizi sociali di Albenga &#8211; Insieme ai bimbi di Tusla, ai quali ci siamo affezionati, abbiamo potuto salutare ufficialmente anche il nuovo Presidente del Centro Anziani, Giuseppe Ferro e i membri del Direttivo da pochi giorni insediatosi. Questa iniziativa, ereditata dalla precedente amministrazione e promossa anche dall&#8217;attuale Assessorato ai Servizi sociali, dimostra che la solidariet\u00e0 \u00e8 un principio che non sta solo a sinistra e che anche la nostra Amministrazione comunale sa mettere al centro di vere politiche sociali, dove i colori di partito sbiadiscono improvvisamente e lasciano lo spazio all&#8217;umano che c&#8217;\u00e8 in ognuno di noi&#8221;.<\/p>\n","protected":false},"excerpt":{"rendered":"<p>Albenga. &#8220;Pace, vogliamo pace per tutti, perch\u00e8 con la pace siamo tutti amici&#8221;. Sono queste alcune parole della poesia che i 52 bimbi bosniaci, provienienti da Tusla, terza citt\u00e0 pi\u00f9 popolosa della Bosnia- Erzegovina, hanno preparato per venire a salutare la citt\u00e0 di Albenga. Anche questa volta, come ogni anno oramai dal 2006, a fare [&hellip;]<\/p>\n","protected":false},"author":13744,"featured_media":0,"comment_status":"open","ping_status":"closed","sticky":false,"template":"","format":"standard","meta":{"footnotes":""},"categories":[119],"tags":[],"class_list":["post-172084","post","type-post","status-publish","format-standard","hentry","category-fotonotizia"],"amp_validity":null,"amp_enabled":true,"_links":{"self":[{"href":"https:\/\/staging.ivg.it\/ediapi\/wp\/v2\/posts\/172084","targetHints":{"allow":["GET"]}}],"collection":[{"href":"https:\/\/staging.ivg.it\/ediapi\/wp\/v2\/posts"}],"about":[{"href":"https:\/\/staging.ivg.it\/ediapi\/wp\/v2\/types\/post"}],"author":[{"embeddable":true,"href":"https:\/\/staging.ivg.it\/ediapi\/wp\/v2\/users\/13744"}],"replies":[{"embeddable":true,"href":"https:\/\/staging.ivg.it\/ediapi\/wp\/v2\/comments?post=172084"}],"version-history":[{"count":0,"href":"https:\/\/staging.ivg.it\/ediapi\/wp\/v2\/posts\/172084\/revisions"}],"wp:attachment":[{"href":"https:\/\/staging.ivg.it\/ediapi\/wp\/v2\/media?parent=172084"}],"wp:term":[{"taxonomy":"category","embeddable":true,"href":"https:\/\/staging.ivg.it\/ediapi\/wp\/v2\/categories?post=172084"},{"taxonomy":"post_tag","embeddable":true,"href":"https:\/\/staging.ivg.it\/ediapi\/wp\/v2\/tags?post=172084"}],"curies":[{"name":"wp","href":"https:\/\/api.w.org\/{rel}","templated":true}]}}