{"id":171895,"date":"2011-06-29T12:01:43","date_gmt":"2011-06-29T10:01:43","guid":{"rendered":"http:\/\/www.ivg.it\/?p=171895"},"modified":"2011-06-29T18:51:06","modified_gmt":"2011-06-29T16:51:06","slug":"don-luciano-depositato-il-ricorso-in-appello-174-pagine-per-smontare-le-tesi-dellaccusa","status":"publish","type":"post","link":"https:\/\/staging.ivg.it\/2011\/06\/don-luciano-depositato-il-ricorso-in-appello-174-pagine-per-smontare-le-tesi-dellaccusa\/","title":{"rendered":"Don Luciano, depositato il ricorso in Appello: 174 pagine per smontare le tesi dell\u2019accusa"},"content":{"rendered":"<p><strong>Alassio.<\/strong> E&#8217; stato depositato sabato mattina il ricorso in Appello contro la sentenza che ha condannato a sette anni e otto mesi di reclusione don Luciano Massaferro, il parroco alassino &#8220;incastrato&#8221; dalle dichiarazioni di una minore che ha raccontato episodi di abusi ripetuti in almeno tre casi.<\/p>\n<p>Centosettantaquattro pagine in cui gli avvocati della difesa, Alessandro Chiriv\u00ec e Mauro Ronco, sono andati a ripercorrere la vicenda, le dichiarazioni dei testimoni, e, in particolare, i racconti della piccola. I legali di don Luciano sono sempre stati scettici circa l&#8217;attendibilit\u00e0 della dodicenne e in quelle 174 pagine vogliono smontare un&#8217;accusa a dir poco infamante per un parroco cui non \u00e8 mai venuto meno l&#8217;affetto di amici e parrocchiani che, anche su Facebook, hanno sempre gridato alla sua innocenza.<\/p>\n<p>Gli avvocati Ronco e Chiriv\u00ec si sono sempre chiesti come mai sia stato dato cos\u00ec tanto peso alle parole della ragazzina e nessuna credibilit\u00e0, invece, ai testimoni della difesa dipinti come persone &#8220;influenzate dall&#8217;ambiente parrocchiale&#8221;. Don Luciano \u00e8 stato arrestato il 29 dicembre del 2009 e rinchiuso dapprima nel carcere di Valle Armea a Sanremo, per poi ottenere prima il trasferimento nel convento di suore di clausura a Diano Castello e fare infine ritorno nella &#8220;sua&#8221; Alassio, nell&#8217;alloggio che si trova dietro alla canonica della parrocchia di San Vincenzo Ferreri, dove ha atteso la sentenza e dove i legali lo raggiungono per tenerlo aggiornato sull&#8217;iter della sua vicenda giudiziaria.<\/p>\n","protected":false},"excerpt":{"rendered":"<p>Alassio. E&#8217; stato depositato sabato mattina il ricorso in Appello contro la sentenza che ha condannato a sette anni e otto mesi di reclusione don Luciano Massaferro, il parroco alassino &#8220;incastrato&#8221; dalle dichiarazioni di una minore che ha raccontato episodi di abusi ripetuti in almeno tre casi. Centosettantaquattro pagine in cui gli avvocati della difesa, [&hellip;]<\/p>\n","protected":false},"author":2620,"featured_media":0,"comment_status":"open","ping_status":"closed","sticky":false,"template":"","format":"standard","meta":{"footnotes":""},"categories":[34],"tags":[85824,16629,16627,16906,2427],"class_list":["post-171895","post","type-post","status-publish","format-standard","hentry","category-cronaca","tag-alassio","tag-alessandro-chirivi","tag-don-luciano-massaferro","tag-mauro-ronco","tag-pedofilia","post_cat_citta-alassio"],"amp_validity":null,"amp_enabled":true,"_links":{"self":[{"href":"https:\/\/staging.ivg.it\/ediapi\/wp\/v2\/posts\/171895","targetHints":{"allow":["GET"]}}],"collection":[{"href":"https:\/\/staging.ivg.it\/ediapi\/wp\/v2\/posts"}],"about":[{"href":"https:\/\/staging.ivg.it\/ediapi\/wp\/v2\/types\/post"}],"author":[{"embeddable":true,"href":"https:\/\/staging.ivg.it\/ediapi\/wp\/v2\/users\/2620"}],"replies":[{"embeddable":true,"href":"https:\/\/staging.ivg.it\/ediapi\/wp\/v2\/comments?post=171895"}],"version-history":[{"count":0,"href":"https:\/\/staging.ivg.it\/ediapi\/wp\/v2\/posts\/171895\/revisions"}],"wp:attachment":[{"href":"https:\/\/staging.ivg.it\/ediapi\/wp\/v2\/media?parent=171895"}],"wp:term":[{"taxonomy":"category","embeddable":true,"href":"https:\/\/staging.ivg.it\/ediapi\/wp\/v2\/categories?post=171895"},{"taxonomy":"post_tag","embeddable":true,"href":"https:\/\/staging.ivg.it\/ediapi\/wp\/v2\/tags?post=171895"}],"curies":[{"name":"wp","href":"https:\/\/api.w.org\/{rel}","templated":true}]}}