{"id":171604,"date":"2011-06-28T11:56:59","date_gmt":"2011-06-28T09:56:59","guid":{"rendered":"http:\/\/www.ivg.it\/?p=171604"},"modified":"2011-06-30T11:48:32","modified_gmt":"2011-06-30T09:48:32","slug":"loano-domani-la-consegna-del-nuovo-mezzo-per-disabili-e-anziani-acquistato-grazie-a-una-donazione","status":"publish","type":"post","link":"https:\/\/staging.ivg.it\/2011\/06\/loano-domani-la-consegna-del-nuovo-mezzo-per-disabili-e-anziani-acquistato-grazie-a-una-donazione\/","title":{"rendered":"Loano, domani la consegna del nuovo mezzo per disabili acquistato grazie ad una donazione"},"content":{"rendered":"<p><strong>Loano<\/strong>. Domani, alle 11,30, nel bar del Giardino del Principe a Loano, si svolger\u00e0 la consegna del nuovo automezzo per il trasporto di disabili e anziani non autosufficienti, che sar\u00e0 posto al servizio dei sedici comuni del Distretto Socio Sanitario Finalese. L&#8217;acquisto dell&#8217;automezzo \u00e8 stato reso possibile da una donazione del sig. Renato Costa, che ha messo a disposizione dell&#8217;Assessorato ai Servizi Sociali del Comune di Loano la somma di 103 mila euro. Sull\u2019automezzo sar\u00e0 apposta una targa in memoria della benefattrice.<\/p>\n<p>La cifra \u00e8 stata donata secondo il desiderio della scomparsa consorte, la signora Bettina Baietto. L&#8217;automezzo per il trasporto dei disabili e degli anziani pu\u00f2 portare fino a quattro persone in carrozzina. Sono pi\u00f9 di 15 i ragazzi che usufruiranno del servizio di trasporto, potendo cos\u00ec raggiungere il centro diurno dell&#8217;Istituto Medico Pedagogico di Toirano. Il mezzo, inoltre, sar\u00e0 utilizzato per consentire il gemellaggio tra gli anziani delle case di Riposo di Loano, Pietra Ligure e Finale Ligure. Gli ospiti delle Case Protette potranno scambiarsi visite e partecipare a piccole gite.<\/p>\n<p>La consegna si svolger\u00e0 alla presenza Sindaco, Luigi Pignocca, dell&#8217;Assessore ai Servizi Sociali Luca Lettieri, del donatore Renato Costa e dei rappresentanti dei comuni dell&#8217;ambito sociale.<\/p>\n","protected":false},"excerpt":{"rendered":"<p>Loano. Domani, alle 11,30, nel bar del Giardino del Principe a Loano, si svolger\u00e0 la consegna del nuovo automezzo per il trasporto di disabili e anziani non autosufficienti, che sar\u00e0 posto al servizio dei sedici comuni del Distretto Socio Sanitario Finalese. L&#8217;acquisto dell&#8217;automezzo \u00e8 stato reso possibile da una donazione del sig. Renato Costa, che [&hellip;]<\/p>\n","protected":false},"author":13744,"featured_media":0,"comment_status":"open","ping_status":"closed","sticky":false,"template":"","format":"standard","meta":{"footnotes":""},"categories":[56],"tags":[937,86171,2639,85827,32775],"class_list":["post-171604","post","type-post","status-publish","format-standard","hentry","category-altre","tag-anziani","tag-comune-di-loano","tag-donazione","tag-loano","tag-pignocca","post_cat_citta-loano"],"amp_validity":null,"amp_enabled":true,"_links":{"self":[{"href":"https:\/\/staging.ivg.it\/ediapi\/wp\/v2\/posts\/171604","targetHints":{"allow":["GET"]}}],"collection":[{"href":"https:\/\/staging.ivg.it\/ediapi\/wp\/v2\/posts"}],"about":[{"href":"https:\/\/staging.ivg.it\/ediapi\/wp\/v2\/types\/post"}],"author":[{"embeddable":true,"href":"https:\/\/staging.ivg.it\/ediapi\/wp\/v2\/users\/13744"}],"replies":[{"embeddable":true,"href":"https:\/\/staging.ivg.it\/ediapi\/wp\/v2\/comments?post=171604"}],"version-history":[{"count":0,"href":"https:\/\/staging.ivg.it\/ediapi\/wp\/v2\/posts\/171604\/revisions"}],"wp:attachment":[{"href":"https:\/\/staging.ivg.it\/ediapi\/wp\/v2\/media?parent=171604"}],"wp:term":[{"taxonomy":"category","embeddable":true,"href":"https:\/\/staging.ivg.it\/ediapi\/wp\/v2\/categories?post=171604"},{"taxonomy":"post_tag","embeddable":true,"href":"https:\/\/staging.ivg.it\/ediapi\/wp\/v2\/tags?post=171604"}],"curies":[{"name":"wp","href":"https:\/\/api.w.org\/{rel}","templated":true}]}}