{"id":171476,"date":"2011-06-27T17:14:54","date_gmt":"2011-06-27T15:14:54","guid":{"rendered":"http:\/\/www.ivg.it\/?p=171476"},"modified":"2011-06-27T17:14:54","modified_gmt":"2011-06-27T15:14:54","slug":"alassio-la-lega-nord-solleva-il-problema-del-traffico-pesante-a-moglio","status":"publish","type":"post","link":"https:\/\/staging.ivg.it\/2011\/06\/alassio-la-lega-nord-solleva-il-problema-del-traffico-pesante-a-moglio\/","title":{"rendered":"Alassio, la Lega Nord solleva il problema del traffico pesante a Moglio"},"content":{"rendered":"<p><strong>Alassio<\/strong>. Il traffico pesante che interessa le colline di Alassio e, nel particolare, Moglio, \u00e8 oggetto di un intervento della sezione alassina della Lega Nord.<\/p>\n<p>&#8220;Come sicuramente a conoscenza di tutti &#8211; spiegano i portavoce della Lega Nord Alassio &#8211; la strada che collega Alassio a Moglio \u00e8 provinciale. Va da s\u00e8 che la possibilit\u00e0 di imporre un divieto di transito ai mezzi pesanti compete l&#8217;organo provinciale e non il Comune. Attualmente la provinciale per Moglio non ha alcuna limitazione riguardante il traffico pesante e, quindi, i mezzi che vi transitano sono assolutamente legittimi&#8221;.<\/p>\n<p>&#8220;Questo &#8211; proseguono &#8211; esclude quanto pi\u00f9 volte pretestuosamente affermato e, cio\u00e8, che i camion che transitano su questa collina lo facciano in seguito a fantomatiche deroghe rilasciate dall&#8217;amministrazione cittadina. Durante la campagna elettorale, consci della esigenza di sicurezza e viabilit\u00e0 espressa dagli abitanti della frazione Moglio, ci eravamo attivati per conoscere la procedura corretta atta ad impedire il transito del traffico pesante su questa strada. Interessata l&#8217;assessore Carla Mattea avevamo incontrato i tecnici della Provincia per valutare il da farsi&#8221;.<\/p>\n<p>&#8220;A seguito del sopralluogo degli stessi e constatata da parte loro la inadeguatezza della strada ad ospitare il traffico di mezzi da lavoro particolarmente ingombranti e\/o pesanti &#8211; affermano gli esponenti leghisti -, veniva concordato che il Comune inviasse all&#8217;Ufficio preposto una semplice relazione in cui si affermasse quanto dai tecnici gi\u00e0 constatato. La Provincia a questo punto avrebbe emesso il divieto ed il problema del traffico pesante a Moglio risolto completamente&#8221;.<\/p>\n<p>&#8220;Chiediamo quindi all&#8217;amministrazione alassina di attivarsi nel senso da noi gi\u00e0 tracciato anzich\u00e9 avventurarsi in dispendiosi quanto inutili progetti su &#8216;pesature elettroniche&#8217; o amenit\u00e0 assortite. Da parte nostra &#8211; concludono &#8211; garantiamo fin d&#8217;ora collaborazione per ottenere il risultato che entrambi gli schieramenti in campagna elettorale avevano promesso agli abitanti di Moglio&#8221;.<\/p>\n","protected":false},"excerpt":{"rendered":"<p>Alassio. Il traffico pesante che interessa le colline di Alassio e, nel particolare, Moglio, \u00e8 oggetto di un intervento della sezione alassina della Lega Nord. &#8220;Come sicuramente a conoscenza di tutti &#8211; spiegano i portavoce della Lega Nord Alassio &#8211; la strada che collega Alassio a Moglio \u00e8 provinciale. Va da s\u00e8 che la possibilit\u00e0 [&hellip;]<\/p>\n","protected":false},"author":13744,"featured_media":0,"comment_status":"open","ping_status":"closed","sticky":false,"template":"","format":"standard","meta":{"footnotes":""},"categories":[],"tags":[85824,630,86060,642,592],"class_list":["post-171476","post","type-post","status-publish","format-standard","hentry","tag-alassio","tag-lega-nord","tag-moglio","tag-tir","tag-traffico","post_cat_citta-alassio"],"amp_validity":null,"amp_enabled":true,"_links":{"self":[{"href":"https:\/\/staging.ivg.it\/ediapi\/wp\/v2\/posts\/171476","targetHints":{"allow":["GET"]}}],"collection":[{"href":"https:\/\/staging.ivg.it\/ediapi\/wp\/v2\/posts"}],"about":[{"href":"https:\/\/staging.ivg.it\/ediapi\/wp\/v2\/types\/post"}],"author":[{"embeddable":true,"href":"https:\/\/staging.ivg.it\/ediapi\/wp\/v2\/users\/13744"}],"replies":[{"embeddable":true,"href":"https:\/\/staging.ivg.it\/ediapi\/wp\/v2\/comments?post=171476"}],"version-history":[{"count":0,"href":"https:\/\/staging.ivg.it\/ediapi\/wp\/v2\/posts\/171476\/revisions"}],"wp:attachment":[{"href":"https:\/\/staging.ivg.it\/ediapi\/wp\/v2\/media?parent=171476"}],"wp:term":[{"taxonomy":"category","embeddable":true,"href":"https:\/\/staging.ivg.it\/ediapi\/wp\/v2\/categories?post=171476"},{"taxonomy":"post_tag","embeddable":true,"href":"https:\/\/staging.ivg.it\/ediapi\/wp\/v2\/tags?post=171476"}],"curies":[{"name":"wp","href":"https:\/\/api.w.org\/{rel}","templated":true}]}}