{"id":171391,"date":"2011-06-27T13:22:33","date_gmt":"2011-06-27T11:22:33","guid":{"rendered":"http:\/\/www.ivg.it\/?p=171391"},"modified":"2011-06-27T18:34:23","modified_gmt":"2011-06-27T16:34:23","slug":"ferrania-sindacati-niente-di-concreto-al-ministero-difficile-il-rilancio","status":"publish","type":"post","link":"https:\/\/staging.ivg.it\/2011\/06\/ferrania-sindacati-niente-di-concreto-al-ministero-difficile-il-rilancio\/","title":{"rendered":"Ferrania, sindacati: \u201cNiente di concreto al Ministero, difficile il rilancio\u201d"},"content":{"rendered":"<p><strong>Cairo M.<\/strong> E&#8217; negativo anche sul fronte dei sindacati l&#8217;incontro di questa mattina al Ministero dello Sviluppo Economico sull&#8217;aggiornamento dell&#8217;accordo di programma per Ferrania. Per le organizzazioni sindacali di categoria non c&#8217;\u00e8 ancora nulla di concreto sul piano industriale ed incombe la necessit\u00e0 di prorogare la cassa integrazione straordinaria per un altro anno. &#8220;Abbiamo 17 mesi o poco pi\u00f9 e allo stato delle cose sar\u00e0 difficile che si riesca a mettere in piedi un solido programma industriale per il rilancio di Ferrania&#8221; ha detto il segretario provinciale Filcem Cgil Fulvio Berruti.<\/p>\n<p>Il Ministero ha messo sul tavolo riferimenti e linee guida in merito allo sviluppo del settore del fotovoltaico, in particolare nell&#8217;ambito degli incentivi previsti dal governo, con la realizzazione di pannelli solari di terza generazione. Inoltre soggetti americani sarebbero interessati per il settore dei materiali e della componentistica dedicata alla telefonia mobile. Tra i progetti illustrati, inoltre, l&#8217;opzione di una societ\u00e0 portuale che potrebbe sviluppare attivit\u00e0 legate alle operazioni di sollevamento a banchina. Durante il vertice si \u00e8 parlato anche della rete di imprese del settore fotovoltaico nell&#8217;ambito della piattaforma tecnologica prevista dalla Regione per Ferrania. Infine il Ministero ha fatto riferimento alle ex aree Acna, da inserire nell&#8217;accordo di programma, &#8220;senza nessun dettaglio sulle attivit\u00e0 industriali, in un&#8217;area che vede comunque una serie di problematiche tra gli enti locali di difficile soluzione nel breve periodo&#8221; aggiunge Berruti.<\/p>\n<p>Nel frattempo, la Regione ha proposto una vigilanza istituzionale. &#8220;Dopo tutti i soldi pubblici arrivati in Ferrania la Regione ha il dovere e il diritto di verificare come mai non c&#8217;\u00e8 un soggetto imprenditoriale che decida di fermarsi in quel sito&#8221; ribadisce Berruti.<\/p>\n<p>&#8220;Iniziative quelle citate in sede ministeriale che possono anche apparire lodevoli, ma che al momento non hanno gambe per far parte di una intesa organica. Intanto vediamo come si evolve la trattativa per il rinnovo della cassa integrazione (prossima settimana incontro tecnico al Ministero del Lavoro), poi analizzeremo le iniziative da prendere. E&#8217; chiaro che una intesa sulle misure sociali a favore dei dipendenti di Ferrania deve arrivare prima della pausa estiva&#8221; conclude l&#8217;esponente della Cgil.<\/p>\n","protected":false},"excerpt":{"rendered":"<p>Cairo M. E&#8217; negativo anche sul fronte dei sindacati l&#8217;incontro di questa mattina al Ministero dello Sviluppo Economico sull&#8217;aggiornamento dell&#8217;accordo di programma per Ferrania. Per le organizzazioni sindacali di categoria non c&#8217;\u00e8 ancora nulla di concreto sul piano industriale ed incombe la necessit\u00e0 di prorogare la cassa integrazione straordinaria per un altro anno. &#8220;Abbiamo 17 [&hellip;]<\/p>\n","protected":false},"author":4,"featured_media":0,"comment_status":"open","ping_status":"closed","sticky":false,"template":"","format":"standard","meta":{"footnotes":""},"categories":[35],"tags":[507,85992,892,5854,223],"class_list":["post-171391","post","type-post","status-publish","format-standard","hentry","category-economia","tag-cgil","tag-ferrania","tag-fotovoltaico","tag-fulvio-berruti","tag-regione-liguria","post_cat_citta-andora","post_cat_citta-cairo-montenotte","post_cat_citta-savona"],"amp_validity":null,"amp_enabled":true,"_links":{"self":[{"href":"https:\/\/staging.ivg.it\/ediapi\/wp\/v2\/posts\/171391","targetHints":{"allow":["GET"]}}],"collection":[{"href":"https:\/\/staging.ivg.it\/ediapi\/wp\/v2\/posts"}],"about":[{"href":"https:\/\/staging.ivg.it\/ediapi\/wp\/v2\/types\/post"}],"author":[{"embeddable":true,"href":"https:\/\/staging.ivg.it\/ediapi\/wp\/v2\/users\/4"}],"replies":[{"embeddable":true,"href":"https:\/\/staging.ivg.it\/ediapi\/wp\/v2\/comments?post=171391"}],"version-history":[{"count":0,"href":"https:\/\/staging.ivg.it\/ediapi\/wp\/v2\/posts\/171391\/revisions"}],"wp:attachment":[{"href":"https:\/\/staging.ivg.it\/ediapi\/wp\/v2\/media?parent=171391"}],"wp:term":[{"taxonomy":"category","embeddable":true,"href":"https:\/\/staging.ivg.it\/ediapi\/wp\/v2\/categories?post=171391"},{"taxonomy":"post_tag","embeddable":true,"href":"https:\/\/staging.ivg.it\/ediapi\/wp\/v2\/tags?post=171391"}],"curies":[{"name":"wp","href":"https:\/\/api.w.org\/{rel}","templated":true}]}}