{"id":171005,"date":"2011-06-25T09:15:41","date_gmt":"2011-06-25T07:15:41","guid":{"rendered":"http:\/\/www.ivg.it\/?p=171005"},"modified":"2011-06-25T09:15:41","modified_gmt":"2011-06-25T07:15:41","slug":"albenga-trunzo-idv-attacca-ciangherotti-sul-campo-solare-comunale","status":"publish","type":"post","link":"https:\/\/staging.ivg.it\/2011\/06\/albenga-trunzo-idv-attacca-ciangherotti-sul-campo-solare-comunale\/","title":{"rendered":"Albenga, Trunzo (Idv) attacca Ciangherotti sul campo solare comunale"},"content":{"rendered":"<p><strong>Albenga<\/strong>. &#8220;La coerenza, si sa, non \u00e8 una virt\u00f9 comune, eppure a volte bisognerebbe tornare un p\u00f2 indietro con la memoria, ricordandosi ci\u00f2 che si era detto in passato, prima di recitare slogan e proclami&#8221;. Cos\u00ec Gabriele Trunzo dell&#8217;Italia dei Valori inizia a lanciare il suo attacco all&#8217;amministrazione comunale di Albenga ed in particolare all&#8217;assessore Ciangherotti. &#8220;&#8216;Meno rotonde e pi\u00f9 servizi sociali!&#8217; si urlava per le strade, lamentandosi del lavoro svolto dall&#8217;ex assessore Alfonso Salata, eppure questa amministrazione ha riempito la citt\u00e0 con nuove, fastidiose, rotonde, aumentando i costi dei pi\u00f9 importanti servizi sociali a disposizione del cittadino&#8221; precisa Trunzo.<\/p>\n<p>&#8220;Non si pu\u00f2 far finta di niente poi, se il buon assessor Ciangherotti, per richiamare l&#8217;attenzione su di se, con un&#8217;abile e astuta mossa, ha comunicato a mezzo stampa l&#8217;intenzione di non escludere nessuna famiglia tra quelle che hanno proposto domanda per usufruire del servizio del campo solare comunale. Sono state pervenute, infatti, 113 domande a fronte degli 80 posti messi a disposizione e di questo, prima che come al solito ci vengano messe in bocca parole non nostre, siamo pi\u00f9 che lieti. Tuttavia sembra che il buon assessore si sia dimenticato che lo scorso anno i posti disponibili erano 130&#8221; osserva Trunzo.<\/p>\n<p>&#8220;Cercando di essere razionali, quindi, ci si accorge subito che c&#8217;\u00e8 qualcosa che non va, dato che era sempre lo stesso Ciangherotti a criticare Salata quando considerava troppo pochi i 120 posti a disposizione nel 2009. E a proposito di buona memoria, che dire di quando l&#8217;assessore si era lamentato per l&#8217;aumento di 30\u20ac della retta ad opera della passata amministrazione, quando con lui l&#8217;aumento \u00e8 stato da 280\u20ac a 350\u20ac al mese? Se qualche anno fa erano pochi i 120 posti, perch\u00e8 quest&#8217;estate sono stati inizialmente ridotti a 80? Si dice che a pensar male, a volte ci si azzecca e i pi\u00f9 maliziosi potrebbero vedere in questo un semplice tentativo di &#8216;farsi bello&#8217; agli occhi dei cittadini, passando per l&#8217;ennesima volta come il salvatore della citt\u00e0, siccome grazie al suo buon cuore, adesso tutti i 113 bambini potranno accedere al servizio&#8221; aggiunge l&#8217;esponente dell&#8217;Idv.<\/p>\n<p>&#8220;Servizio che, mi sembra opportuno ripetere, era stato diminuito da lui stesso, prevedendo 80 posti contro i 130 dell&#8217;anno scorso. Speriamo almeno che i genitori che davvero sono in difficolt\u00e0, potranno avvalersi degli esoneri previsti in base all&#8217;ISEE, anzich\u00e8 pagare i 350\u20ac al mese e che questo aumento venga sfruttato per migliorare davvero la qualit\u00e0 del servizio&#8221; conclude Trunzo.<\/p>\n","protected":false},"excerpt":{"rendered":"<p>Albenga. &#8220;La coerenza, si sa, non \u00e8 una virt\u00f9 comune, eppure a volte bisognerebbe tornare un p\u00f2 indietro con la memoria, ricordandosi ci\u00f2 che si era detto in passato, prima di recitare slogan e proclami&#8221;. Cos\u00ec Gabriele Trunzo dell&#8217;Italia dei Valori inizia a lanciare il suo attacco all&#8217;amministrazione comunale di Albenga ed in particolare all&#8217;assessore [&hellip;]<\/p>\n","protected":false},"author":13744,"featured_media":0,"comment_status":"open","ping_status":"closed","sticky":false,"template":"","format":"standard","meta":{"footnotes":""},"categories":[56,31],"tags":[85841,1024,2492],"class_list":["post-171005","post","type-post","status-publish","format-standard","hentry","category-altre","category-politica","tag-albenga","tag-ciangherotti","tag-idv","post_cat_citta-albenga"],"amp_validity":null,"amp_enabled":true,"_links":{"self":[{"href":"https:\/\/staging.ivg.it\/ediapi\/wp\/v2\/posts\/171005","targetHints":{"allow":["GET"]}}],"collection":[{"href":"https:\/\/staging.ivg.it\/ediapi\/wp\/v2\/posts"}],"about":[{"href":"https:\/\/staging.ivg.it\/ediapi\/wp\/v2\/types\/post"}],"author":[{"embeddable":true,"href":"https:\/\/staging.ivg.it\/ediapi\/wp\/v2\/users\/13744"}],"replies":[{"embeddable":true,"href":"https:\/\/staging.ivg.it\/ediapi\/wp\/v2\/comments?post=171005"}],"version-history":[{"count":0,"href":"https:\/\/staging.ivg.it\/ediapi\/wp\/v2\/posts\/171005\/revisions"}],"wp:attachment":[{"href":"https:\/\/staging.ivg.it\/ediapi\/wp\/v2\/media?parent=171005"}],"wp:term":[{"taxonomy":"category","embeddable":true,"href":"https:\/\/staging.ivg.it\/ediapi\/wp\/v2\/categories?post=171005"},{"taxonomy":"post_tag","embeddable":true,"href":"https:\/\/staging.ivg.it\/ediapi\/wp\/v2\/tags?post=171005"}],"curies":[{"name":"wp","href":"https:\/\/api.w.org\/{rel}","templated":true}]}}