{"id":170795,"date":"2011-06-24T11:14:55","date_gmt":"2011-06-24T09:14:55","guid":{"rendered":"http:\/\/www.ivg.it\/?p=170795"},"modified":"2011-06-24T14:46:56","modified_gmt":"2011-06-24T12:46:56","slug":"savona-al-priamar-va-in-scena-la-carmen-di-bizet","status":"publish","type":"post","link":"https:\/\/staging.ivg.it\/2011\/06\/savona-al-priamar-va-in-scena-la-carmen-di-bizet\/","title":{"rendered":"Savona, al Priamar va in scena la \u201cCarmen\u201d di Bizet"},"content":{"rendered":"<p><strong>Savona<\/strong>. Questa sera, venerd\u00ec 24 giugno, alle 21,15, la &#8220;Carmen&#8221; di Gorge Bizet va in scena alla Fortezza del Priam\u00e0r di Savona e d\u00e0 cos\u00ec il via alla lirica estiva dell\u2019Opera Giocosa.<\/p>\n<p>Primo appuntamento lirico di stagione, questa Carmen \u00e8 una nuova produzione della LI.VE (lirica veneta) e in coproduzione con i teatri di Rovigo, Trento, Rimini, Bassano. Allestimento realizzato dal laboratorio scenografico del Teatro Sociale di Rovigo e con regia, scene, costumi e luci di Ivan Stefanutti. Sul podio, Francesco Rosa dirige l&#8217;Orchestra Regionale Filarmonia Veneta. Coro Lirico Veneto della LI.VE diretto da Giorgio Mazzucato, coro di voci bianche &#8220;Le Allegre Note&#8221; diretto da Fabio Pecci e corpo di ballo &#8220;Compagnia Fabula Saltica&#8221;; coreografie di Claudio Ronda. Lo spettacolo si avvale di ottimi interpreti come Oksana Volkova e Anna Maria Chiuri nel ruolo della protagonista, Marcelo Puente e Calin Bratescu (Don Jos\u00e9), Vitaliy Bilyy (Escamillo), Gabriella Costa (Micaela).<br \/>\nReplica sabato 25 giugno, sempre alle 21,15.<\/p>\n<p>L\u2019opera, dramma lirico in quattro atti su libretto di Henri Meilhac e Ludovic Hal\u00e9vy, tratto dal romanzo omonimo di Prosper M\u00e9rim\u00e9e, debutt\u00f2 all\u2019Opera Comique di Parigi il 3 marzo 1875. Lo stile \u00e8 appunto il \u201ccomique\u201d \u2013 proprio dal nome del teatro parigino, che ebbe l\u2019esclusiva per questo genere di rappresentazioni &#8211; che prevede un\u2019alternanza di parti cantate e parti recitate e che di norma prevedeva argomenti leggeri, frivoli e con lieto fine.<\/p>\n<p>E se i dialoghi parlati in effetti comparivano, \u00e8 vero anche che questa era forse l\u2019unica caratteristica che legava l\u2019opera al genere: il suo spessore drammatico, espresso anche attraverso lo spagnolismo della musica, la sua forza di impatto emotivo e soprattutto il suo finale tragico, con l\u2019uccisione della protagonista da parte dell\u2019amante geloso, fanno di Carmen un\u2019opera-comique senza dubbio anomala, che in quel teatro destinato all\u2019intrattenimento delle famiglie francesi non poteva essere compreso fino in fondo. E in effetti la prima fu un fiasco. Ma dopo innumerevoli rifacimenti e modifiche &#8211; tra cui anche la sostituzione dei dialoghi con recitativi musicati, nella versione per il teatro di Vienna portata a termine da Guiraud dopo l\u2019improvvisa morte di Bizet &#8211; Carmen godette di un\u2019incredibile popolarit\u00e0 ed ancora oggi, dopo Boheme, \u00e8 l\u2019opera pi\u00f9 rappresentata nei teatri di tutto il mondo.<\/p>\n","protected":false},"excerpt":{"rendered":"<p>Savona. Questa sera, venerd\u00ec 24 giugno, alle 21,15, la &#8220;Carmen&#8221; di Gorge Bizet va in scena alla Fortezza del Priam\u00e0r di Savona e d\u00e0 cos\u00ec il via alla lirica estiva dell\u2019Opera Giocosa. Primo appuntamento lirico di stagione, questa Carmen \u00e8 una nuova produzione della LI.VE (lirica veneta) e in coproduzione con i teatri di Rovigo, [&hellip;]<\/p>\n","protected":false},"author":13744,"featured_media":0,"comment_status":"open","ping_status":"closed","sticky":false,"template":"","format":"standard","meta":{"footnotes":""},"categories":[],"tags":[620,1704,85850],"class_list":["post-170795","post","type-post","status-publish","format-standard","hentry","tag-concerti","tag-lirica","tag-savona","post_cat_citta-savona"],"amp_validity":null,"amp_enabled":true,"_links":{"self":[{"href":"https:\/\/staging.ivg.it\/ediapi\/wp\/v2\/posts\/170795","targetHints":{"allow":["GET"]}}],"collection":[{"href":"https:\/\/staging.ivg.it\/ediapi\/wp\/v2\/posts"}],"about":[{"href":"https:\/\/staging.ivg.it\/ediapi\/wp\/v2\/types\/post"}],"author":[{"embeddable":true,"href":"https:\/\/staging.ivg.it\/ediapi\/wp\/v2\/users\/13744"}],"replies":[{"embeddable":true,"href":"https:\/\/staging.ivg.it\/ediapi\/wp\/v2\/comments?post=170795"}],"version-history":[{"count":0,"href":"https:\/\/staging.ivg.it\/ediapi\/wp\/v2\/posts\/170795\/revisions"}],"wp:attachment":[{"href":"https:\/\/staging.ivg.it\/ediapi\/wp\/v2\/media?parent=170795"}],"wp:term":[{"taxonomy":"category","embeddable":true,"href":"https:\/\/staging.ivg.it\/ediapi\/wp\/v2\/categories?post=170795"},{"taxonomy":"post_tag","embeddable":true,"href":"https:\/\/staging.ivg.it\/ediapi\/wp\/v2\/tags?post=170795"}],"curies":[{"name":"wp","href":"https:\/\/api.w.org\/{rel}","templated":true}]}}