{"id":170763,"date":"2011-06-24T08:23:01","date_gmt":"2011-06-24T06:23:01","guid":{"rendered":"http:\/\/www.ivg.it\/?p=170763"},"modified":"2011-06-24T08:23:01","modified_gmt":"2011-06-24T06:23:01","slug":"un-po-dafrica-a-toirano","status":"publish","type":"post","link":"https:\/\/staging.ivg.it\/2011\/06\/un-po-dafrica-a-toirano\/","title":{"rendered":"Un po&#8217; d&#8217;Africa a Toirano"},"content":{"rendered":"<p><strong>Toirano.<\/strong> Per il terzo anno il centro storico di Toirano si colorer\u00e0 d&#8217;Africa e ospiter\u00e0 per due giorni spettacoli, stage di danza e percussioni, laboratori e rassegne cinematografiche per bambini, dj set, mostre, ma anche momenti di confronto e riflessione con incontri e dibattiti su integrazione e cooperazione internazionale.<\/p>\n<p>Inoltre, presso gli stand gastronomici aperti a pranzo e cena, sar\u00e0 possibile assaggiare specialit\u00e0 della cucina africana, come le akra con salsa cani (crocchette di fagioli con salsa piccante), il c\u00e9r\u00e8 (cous cous con pollo e verdure), firir e dibi (piatti di carne e pesce) e squisiti dolci marocchini.<\/p>\n","protected":false},"excerpt":{"rendered":"<p>Toirano. Per il terzo anno il centro storico di Toirano si colorer\u00e0 d&#8217;Africa e ospiter\u00e0 per due giorni spettacoli, stage di danza e percussioni, laboratori e rassegne cinematografiche per bambini, dj set, mostre, ma anche momenti di confronto e riflessione con incontri e dibattiti su integrazione e cooperazione internazionale. Inoltre, presso gli stand gastronomici aperti [&hellip;]<\/p>\n","protected":false},"author":13744,"featured_media":0,"comment_status":"open","ping_status":"closed","sticky":false,"template":"","format":"standard","meta":{"footnotes":""},"categories":[],"tags":[3447,10348,85952],"class_list":["post-170763","post","type-post","status-publish","format-standard","hentry","tag-africa","tag-festafrica","tag-toirano","post_cat_citta-toirano"],"amp_validity":null,"amp_enabled":true,"_links":{"self":[{"href":"https:\/\/staging.ivg.it\/ediapi\/wp\/v2\/posts\/170763","targetHints":{"allow":["GET"]}}],"collection":[{"href":"https:\/\/staging.ivg.it\/ediapi\/wp\/v2\/posts"}],"about":[{"href":"https:\/\/staging.ivg.it\/ediapi\/wp\/v2\/types\/post"}],"author":[{"embeddable":true,"href":"https:\/\/staging.ivg.it\/ediapi\/wp\/v2\/users\/13744"}],"replies":[{"embeddable":true,"href":"https:\/\/staging.ivg.it\/ediapi\/wp\/v2\/comments?post=170763"}],"version-history":[{"count":0,"href":"https:\/\/staging.ivg.it\/ediapi\/wp\/v2\/posts\/170763\/revisions"}],"wp:attachment":[{"href":"https:\/\/staging.ivg.it\/ediapi\/wp\/v2\/media?parent=170763"}],"wp:term":[{"taxonomy":"category","embeddable":true,"href":"https:\/\/staging.ivg.it\/ediapi\/wp\/v2\/categories?post=170763"},{"taxonomy":"post_tag","embeddable":true,"href":"https:\/\/staging.ivg.it\/ediapi\/wp\/v2\/tags?post=170763"}],"curies":[{"name":"wp","href":"https:\/\/api.w.org\/{rel}","templated":true}]}}